{"id":45777,"date":"2009-11-25T06:25:53","date_gmt":"2009-11-25T05:25:53","guid":{"rendered":"http:\/\/www.schoene-nachrichten.de\/?p=45777"},"modified":"2009-11-25T07:55:14","modified_gmt":"2009-11-25T06:55:14","slug":"band-i-der-geschichte-der-stadt-fulda-vorgestellt-praesentation-im-uewag-kundenzentrum-stiess-auf-grosses-interesse","status":"publish","type":"post","link":"https:\/\/www.fuldaernachrichten.de\/?p=45777","title":{"rendered":"Band I der \u201eGeschichte der Stadt Fulda\u201c vorgestellt"},"content":{"rendered":"<p><strong><a href=\"http:\/\/www.schoene-nachrichten.de\/wp-content\/uploads\/2009\/11\/091124_Stadtgeschichte.jpg\"><img decoding=\"async\" class=\"alignleft size-thumbnail wp-image-45778\" title=\"091124_Stadtgeschichte\" src=\"http:\/\/www.schoene-nachrichten.de\/wp-content\/uploads\/2009\/11\/091124_Stadtgeschichte-265x164.jpg\" alt=\"091124_Stadtgeschichte\" width=\"265\" height=\"164\" srcset=\"https:\/\/www.fuldaernachrichten.de\/wp-content\/uploads\/2009\/11\/091124_Stadtgeschichte-265x164.jpg 265w, https:\/\/www.fuldaernachrichten.de\/wp-content\/uploads\/2009\/11\/091124_Stadtgeschichte.jpg 592w\" sizes=\"(max-width: 265px) 100vw, 265px\" \/><\/a>Fulda. <\/strong>Das Werk \u201eGeschichte der Stadt Fulda\u201c ist komplett. Das zweib\u00e4ndige Werk zur Stadtgeschichte gibt der Geschichtsverein Fulda e. V. unter Federf\u00fchrung seines 1. Vorsitzenden, Oberb\u00fcrgermeister a. D. Dr. Wolfgang Hamberger, in Zusammenarbeit mit Historikern und Fachleuten unterschiedlicher Disziplinen in Parzellers Buchverlag heraus. Nachdem im vergangenen Jahr zun\u00e4chst Band II \u201eVon der F\u00fcrstlichen Residenz zum Hessischen Sonderstatus\u201c erschienen ist, wurden nun im \u00dcWAG-Kundenzentrum Ausz\u00fcge aus Band I \u201eVon den Anf\u00e4ngen bis zum Ende des Alten Reiches\u201c einem interessierten Publikum erstmals pr\u00e4sentiert. <!--more--><\/p>\n<p>Gro\u00df war das Interesse an der Vorpr\u00e4sentation im Kundenzentrum. Sechs Autoren lasen Texte aus dem 850 Seiten starken Band. Oberstudienrat Christian Aschenbrenner, Dr. Frank Verse, Dr. Marianne Riethm\u00fcller, Dr. Berthold J\u00e4ger, Dr. Thomas Heiler und Dipl.-Ing. Manfred Schneyer gaben Kostproben aus ihren Beitr\u00e4gen, die stets kenntnisreich und bisweilen sehr bewegend Aspekte der Stadtgeschichte in den Blick nehmen. Musikalisch umrahmt wurde die Veranstaltung von Andreas und Tobias Feldmann auf der Violine, die Kompositionen von Joseph Haydn und Franz Berwald interpretierten.<\/p>\n<p>\u00dcWAG-Bereichsleiter Dipl.-Wirtsch.-Ing. Norbert Witzel freute sich \u00fcber die gro\u00dfe Resonanz der Vorpr\u00e4sentation, verwies auf die fast hundertj\u00e4hrige Geschichte der \u00dcWAG und lobte das au\u00dfergew\u00f6hnliche Engagement des Fuldaer Geschichtsvereins: \u201eDie Herausgabe der zweib\u00e4ndigen ,Geschichte der Stadt Fulda\u00e2\u20ac\u2122 ist ein besonderes Verdienst um die Stadt, das lokale Ged\u00e4chtnis und das \u00f6ffentliche Bewusstsein f\u00fcr Fulda und die Region.\u201c<\/p>\n<p>Gru\u00dfworte sprachen Verleger Michael Schmitt von Parzellers Buchverlag, Dr. Peter Szepanek von der Gas- und Wasserversorgung Fulda GmbH (GWV) und Direktor Alois Fr\u00fcchtl von der Sparkasse Fulda. Dr. Wolfgang Hamberger, 1. Vorsitzender des Fuldaer Geschichtsvereins e. V. und Fuldaer Oberb\u00fcrgermeister a. D., bedankte sich in seinem Schlusswort bei der \u00dcWAG sowie bei den beiden anderen Sponsoren GWV und Sparkasse Fulda f\u00fcr deren finanzielle Unterst\u00fctzung des ambitionierten Projekts.<\/p>\n","protected":false},"excerpt":{"rendered":"<div class=\"tmnf_excerpt\"><p>Fulda. Das Werk \u201eGeschichte der Stadt Fulda\u201c ist komplett. Das zweib\u00e4ndige Werk zur Stadtgeschichte gibt der Geschichtsverein Fulda e. V. unter Federf\u00fchrung seines 1. Vorsitzenden, Oberb\u00fcrgermeister a. D. Dr. Wolfgang Hamberger, in Zusammenarbeit mit Historikern und Fachleuten unterschiedlicher Disziplinen in Parzellers Buchverlag heraus. Nachdem im vergangenen Jahr zun\u00e4chst Band II \u201eVon der F\u00fcrstlichen Residenz zum &hellip;<\/p>\n<\/div>","protected":false},"author":1,"featured_media":0,"comment_status":"closed","ping_status":"closed","sticky":false,"template":"","format":"standard","meta":{"footnotes":""},"categories":[1,44],"tags":[],"class_list":["post-45777","post","type-post","status-publish","format-standard","hentry","category-startseite","category-kultur"],"_links":{"self":[{"href":"https:\/\/www.fuldaernachrichten.de\/index.php?rest_route=\/wp\/v2\/posts\/45777","targetHints":{"allow":["GET"]}}],"collection":[{"href":"https:\/\/www.fuldaernachrichten.de\/index.php?rest_route=\/wp\/v2\/posts"}],"about":[{"href":"https:\/\/www.fuldaernachrichten.de\/index.php?rest_route=\/wp\/v2\/types\/post"}],"author":[{"embeddable":true,"href":"https:\/\/www.fuldaernachrichten.de\/index.php?rest_route=\/wp\/v2\/users\/1"}],"replies":[{"embeddable":true,"href":"https:\/\/www.fuldaernachrichten.de\/index.php?rest_route=%2Fwp%2Fv2%2Fcomments&post=45777"}],"version-history":[{"count":4,"href":"https:\/\/www.fuldaernachrichten.de\/index.php?rest_route=\/wp\/v2\/posts\/45777\/revisions"}],"predecessor-version":[{"id":45867,"href":"https:\/\/www.fuldaernachrichten.de\/index.php?rest_route=\/wp\/v2\/posts\/45777\/revisions\/45867"}],"wp:attachment":[{"href":"https:\/\/www.fuldaernachrichten.de\/index.php?rest_route=%2Fwp%2Fv2%2Fmedia&parent=45777"}],"wp:term":[{"taxonomy":"category","embeddable":true,"href":"https:\/\/www.fuldaernachrichten.de\/index.php?rest_route=%2Fwp%2Fv2%2Fcategories&post=45777"},{"taxonomy":"post_tag","embeddable":true,"href":"https:\/\/www.fuldaernachrichten.de\/index.php?rest_route=%2Fwp%2Fv2%2Ftags&post=45777"}],"curies":[{"name":"wp","href":"https:\/\/api.w.org\/{rel}","templated":true}]}}