{"id":45765,"date":"2009-11-25T05:50:15","date_gmt":"2009-11-25T04:50:15","guid":{"rendered":"http:\/\/www.schoene-nachrichten.de\/?p=45765"},"modified":"2009-11-26T06:40:47","modified_gmt":"2009-11-26T05:40:47","slug":"zwei-goldmaedels-vom-karpfen-cornelia-hemrich-und-veronika-birkenbach-auf-platz-1-beim-32-wehner-groma-pokal","status":"publish","type":"post","link":"https:\/\/www.fuldaernachrichten.de\/?p=45765","title":{"rendered":"Zwei \u201eGoldm\u00e4dels\u201c vom Karpfen Cornelia Hemrich und  Veronika Birkenbach auf Platz 1 beim 32. Wehner GROMA Pokal"},"content":{"rendered":"<p><strong><a href=\"http:\/\/www.schoene-nachrichten.de\/wp-content\/uploads\/2009\/11\/091124_Pokal_001.jpg\"><img decoding=\"async\" class=\"alignleft size-thumbnail wp-image-45766\" title=\"091124_Pokal_001\" src=\"http:\/\/www.schoene-nachrichten.de\/wp-content\/uploads\/2009\/11\/091124_Pokal_001-265x171.jpg\" alt=\"091124_Pokal_001\" width=\"265\" height=\"171\" srcset=\"https:\/\/www.fuldaernachrichten.de\/wp-content\/uploads\/2009\/11\/091124_Pokal_001-265x171.jpg 265w, https:\/\/www.fuldaernachrichten.de\/wp-content\/uploads\/2009\/11\/091124_Pokal_001.jpg 592w\" sizes=\"(max-width: 265px) 100vw, 265px\" \/><\/a>Fulda. <\/strong>Auf den Punkt gebratenes Lammkarree unter der Kr\u00e4uterkruste, kredenzt mit Rosmarinso\u00dfe, Bohnen im Speckmantel und Kartoffelr\u00f6sti \u2013 dieser vollendete Genuss \u00fcberzeugte Jury und G\u00e4ste beim 32. Wehner GROMA Pokal gleicherma\u00dfen und brachte Nachwuchsk\u00f6chin Cornelia Hemrich vom Romantikhotel Goldener Karpfen die Goldmedaille. Auch im Bereich Service ging der erste Platz an das renommierte Fuldaer Restaurant:\u00c2\u00a0 Charmant und zuvorkommend betreute Veronika Birkenbach ihre G\u00e4ste in der Lehrk\u00fcche der Eduard-Stieler-Schule.<!--more--><\/p>\n<p>Insgesamt 21 Nachwuchskr\u00e4fte aus dem zweiten und dritten Lehrjahr der regionalen Gastronomie setzten beim diesj\u00e4hrigen Wettstreit, den das Fuldaer Unternehmen Wehner GROMA initiierte, neue Ma\u00dfst\u00e4be. Oliver Wehner, Prokurist der Wehner GROMA, betonte, gerade in der heutigen Zeit seien f\u00fcr den Erfolg eines Unternehmens gut ausgebildete, engagierte, kreative Mitarbeiter mit hoher Leistungsbereitschaft unerl\u00e4sslich. \u201eEiner der wichtigsten Schl\u00fcssel zum Erfolg in dieser Branche sind die Menschen. Erfolg muss man sich hart erarbeiten, daher ist es umso wichtiger, in die Aus- und Weiterbildung der Mitarbeiter zu investieren. Mit dem Wehner GROMA Pokal m\u00f6chten wir einen Beitrag f\u00fcr die pers\u00f6nliche Entwicklung junger Menschen leisten.\u201c<\/p>\n<p>Wenngleich die Auszubildenden beim Eintreffen der G\u00e4ste bereits einen vollen Arbeitstag hinter sich hatten, war dies\u00c2\u00a0 nicht im Entferntesten zu sp\u00fcren und ist damit bereits bezeichnend f\u00fcr das hohe Niveau des GROMA-Pokals. Als Pflicht-Komponenten waren den Jungk\u00f6chen vorgegeben: regionales Gefl\u00fcgel als kalte Vorspeise, Suppe unter Verwendung der Weinsorte \u201eSilvaner\u201c \u2013 dem Motto des Abends \u2013, Lammkarree zum Hauptgang sowie ein Dessert von Apfel und Streusel. Bei den Service-Kr\u00e4ften galt es zum Beispiel, im Rahmen eines fest gelegten Budgets originelle Dekorationen auf die runden Tische zu zaubern.<\/p>\n<p>Und der Einsatz der Teilnehmer hatte sich gelohnt: Die rund 60 geladenen G\u00e4sten genossen einen gelungenen Abend voller Gaumen- und Augenfreuden. Die festlichen Tisch-Dekorationen waren bis ins kleinste Detail liebevoll ausgearbeitet und zeigten neben der New Yorker Skyline eine Kirmes oder das Thema Silvaner. Den Sonderpokal f\u00fcr die beste Tischdekoration erhielt Sarah H\u00f6r vom Gasthof Haunetal in Steinhaus f\u00fcr ihre Umsetzung eines Harley-Davidson-Clubs.<\/p>\n<p>Eine 13-k\u00f6pfige, ehrenamtliche Jury bewerte neben den 4-Gang-Men\u00fcs auch den Arbeitsablauf in der K\u00fcche sowie das Eindecken, den Service und die Kommunikation mit den G\u00e4sten. \u201eWir nehmen alles genau unter die Lupe, so werden die feinen Unterschiede deutlich&#8221;, betonte Johannes R\u00fcckelt, Fachlehrer an der Eduard-Stieler-Schule, der der Jury im Bereich Service vorstand.<\/p>\n<p>Auch die K\u00f6che-Jury wachte genau \u00fcber die Organisation der Nachwuchstalente in der K\u00fcche und deren Umgang mit Stress. \u201eBei der Gewinnerin Cornelia Hemrich haben wir deutlich die Leidenschaft f\u00fcrs Kochen gesp\u00fcrt. Sie arbeitet absolut souver\u00e4n und gut strukturiert und hatte ihren Arbeitsplatz als Erste wieder gl\u00e4nzend sauber \u00fcbergeben\u201c, berichtete Stefan Ke\u00dfler, Fachlehrer an der Eduard-Stieler-Schule und Koordinator im Bereich K\u00f6che.<\/p>\n<p>Den zweiten Platz unter den Jung-K\u00f6chen belegte Lorenz Herbig von tegut\u00e2\u20ac\u00a6 bankett, der im Gegensatz zu den beiden anderen Medaillentr\u00e4gern erst im zweiten Lehrjahr ist. Besonders wohl mundete etwa sein Dessert: Vanilleparfait auf der Hippe, kleine Apfeltarte mit Knusperboden und Pflaumenr\u00f6ster. Die Bronze-Medaille konnte Anna Scheinpflug vom B\u00e4der Park Hotel in K\u00fcnzell mitnehmen. Sie kredenzte als ersten Gang Terrine von Ente und Pute im Mangoldmantel mit in Himbeerdressing mariniertem Feldsalat, ger\u00f6steten K\u00fcrbiskernen und Baguette.<\/p>\n<p>Im Bereich Service sicherte sich Marco Schirwinski vom Maritim Hotel in Fulda Silber und Katharina Arbes vom B\u00e4derpark Hotel K\u00fcnzell belegte den dritten Platz. Hoch zufrieden \u00fcber die Veranstaltung zeigten sich auch Wolfgang Wehner, gesch\u00e4ftsf\u00fchrender Gesellschafter der Wehner GROMA, sowie Schulleiter Dr. Rudolf Drexler.\u00c2\u00a0 \u201eAuf das Ergebnis k\u00f6nnen die Auszubildenden und die Gastronomen gleicherma\u00dfen stolz sein. Wieder einmal hat sich best\u00e4tigt, dass der GROMA-Pokal mit seinem enormen Bekanntheitsgrad eine Bereicherung f\u00fcr die gesamte Gastronomie der Region und die Auszubildenden selbst ist. Sie haben uns auch in diesem Jahr \u00fcberzeugt\u201c, lobte Drexler.<\/p>\n<p>Einen ganz besonderen Applaus und ein gro\u00dfes Dankesch\u00f6n f\u00fcr ihr Engagement rund um den Groma-Pokal erhielt die Assistentin der Gesch\u00e4ftsleitung: Insbesondere Dr. Drexler hob die perfekte Organisation unter Federf\u00fchrung von Michaela Parfitt hervor, die mit gro\u00dfer Ruhe und ebensolchem Charme ma\u00dfgeblich zum reibungslosen und perfekten Ablauf beigetragen hatte.<\/p>\n<p>Prokurist Oliver Wehner erg\u00e4nzte dieses Lob und betonte, dass sich das Unternehmen Wehner GROMA gl\u00fccklich sch\u00e4tze, eine solch umsichtige und engagierte Mitarbeiterin in den eigenen Reihen und im Umfeld der Gesch\u00e4ftsf\u00fchrung zu wissen. \u201eDass der Wehner GROAM Pokal bereits in die 32. Runde geht, belegt die hohe Qualit\u00e4t dieses Banketts\u201c, lautete das Fazit von Landrat Bernd Woide, der erg\u00e4nzte: \u201eFestlich gedeckte Tische, hervorragender Wein, exzellente Speisen \u2013 ich freue mich schon jetzt auf den 33. Pokal 2010.\u201c<\/p>\n\n\t\t<style type=\"text\/css\">\n\t\t\t#gallery-1 {\n\t\t\t\tmargin: auto;\n\t\t\t}\n\t\t\t#gallery-1 .gallery-item {\n\t\t\t\tfloat: left;\n\t\t\t\tmargin-top: 10px;\n\t\t\t\ttext-align: center;\n\t\t\t\twidth: 50%;\n\t\t\t}\n\t\t\t#gallery-1 img {\n\t\t\t\tborder: 2px solid #cfcfcf;\n\t\t\t}\n\t\t\t#gallery-1 .gallery-caption {\n\t\t\t\tmargin-left: 0;\n\t\t\t}\n\t\t\t\/* see gallery_shortcode() in wp-includes\/media.php *\/\n\t\t<\/style>\n\t\t<div id='gallery-1' class='gallery galleryid-45765 gallery-columns-2 gallery-size-thumbnail'><dl class='gallery-item'>\n\t\t\t<dt class='gallery-icon landscape'>\n\t\t\t\t<a href='https:\/\/www.fuldaernachrichten.de\/wp-content\/uploads\/2009\/11\/091124_Pokal_007.jpg'><img decoding=\"async\" width=\"150\" height=\"100\" src=\"https:\/\/www.fuldaernachrichten.de\/wp-content\/uploads\/2009\/11\/091124_Pokal_007-265x177.jpg\" class=\"attachment-thumbnail size-thumbnail\" alt=\"\" srcset=\"https:\/\/www.fuldaernachrichten.de\/wp-content\/uploads\/2009\/11\/091124_Pokal_007-265x177.jpg 265w, https:\/\/www.fuldaernachrichten.de\/wp-content\/uploads\/2009\/11\/091124_Pokal_007.jpg 592w\" sizes=\"(max-width: 150px) 100vw, 150px\" \/><\/a>\n\t\t\t<\/dt><\/dl><dl class='gallery-item'>\n\t\t\t<dt class='gallery-icon landscape'>\n\t\t\t\t<a href='https:\/\/www.fuldaernachrichten.de\/wp-content\/uploads\/2009\/11\/091124_Pokal_006.jpg'><img decoding=\"async\" width=\"150\" height=\"100\" src=\"https:\/\/www.fuldaernachrichten.de\/wp-content\/uploads\/2009\/11\/091124_Pokal_006-265x177.jpg\" class=\"attachment-thumbnail size-thumbnail\" alt=\"\" srcset=\"https:\/\/www.fuldaernachrichten.de\/wp-content\/uploads\/2009\/11\/091124_Pokal_006-265x177.jpg 265w, https:\/\/www.fuldaernachrichten.de\/wp-content\/uploads\/2009\/11\/091124_Pokal_006.jpg 592w\" sizes=\"(max-width: 150px) 100vw, 150px\" \/><\/a>\n\t\t\t<\/dt><\/dl><br style=\"clear: both\" \/><dl class='gallery-item'>\n\t\t\t<dt class='gallery-icon landscape'>\n\t\t\t\t<a href='https:\/\/www.fuldaernachrichten.de\/wp-content\/uploads\/2009\/11\/091124_Pokal_003.jpg'><img loading=\"lazy\" decoding=\"async\" width=\"150\" height=\"87\" src=\"https:\/\/www.fuldaernachrichten.de\/wp-content\/uploads\/2009\/11\/091124_Pokal_003-265x153.jpg\" class=\"attachment-thumbnail size-thumbnail\" alt=\"\" srcset=\"https:\/\/www.fuldaernachrichten.de\/wp-content\/uploads\/2009\/11\/091124_Pokal_003-265x153.jpg 265w, https:\/\/www.fuldaernachrichten.de\/wp-content\/uploads\/2009\/11\/091124_Pokal_003.jpg 592w\" sizes=\"(max-width: 150px) 100vw, 150px\" \/><\/a>\n\t\t\t<\/dt><\/dl><dl class='gallery-item'>\n\t\t\t<dt class='gallery-icon landscape'>\n\t\t\t\t<a href='https:\/\/www.fuldaernachrichten.de\/wp-content\/uploads\/2009\/11\/091124_Pokal_001.jpg'><img loading=\"lazy\" decoding=\"async\" width=\"150\" height=\"97\" src=\"https:\/\/www.fuldaernachrichten.de\/wp-content\/uploads\/2009\/11\/091124_Pokal_001-265x171.jpg\" class=\"attachment-thumbnail size-thumbnail\" alt=\"\" srcset=\"https:\/\/www.fuldaernachrichten.de\/wp-content\/uploads\/2009\/11\/091124_Pokal_001-265x171.jpg 265w, https:\/\/www.fuldaernachrichten.de\/wp-content\/uploads\/2009\/11\/091124_Pokal_001.jpg 592w\" sizes=\"(max-width: 150px) 100vw, 150px\" \/><\/a>\n\t\t\t<\/dt><\/dl><br style=\"clear: both\" \/><dl class='gallery-item'>\n\t\t\t<dt class='gallery-icon landscape'>\n\t\t\t\t<a href='https:\/\/www.fuldaernachrichten.de\/wp-content\/uploads\/2009\/11\/091124_Pokal_005.jpg'><img loading=\"lazy\" decoding=\"async\" width=\"150\" height=\"100\" src=\"https:\/\/www.fuldaernachrichten.de\/wp-content\/uploads\/2009\/11\/091124_Pokal_005-265x177.jpg\" class=\"attachment-thumbnail size-thumbnail\" alt=\"\" srcset=\"https:\/\/www.fuldaernachrichten.de\/wp-content\/uploads\/2009\/11\/091124_Pokal_005-265x177.jpg 265w, https:\/\/www.fuldaernachrichten.de\/wp-content\/uploads\/2009\/11\/091124_Pokal_005.jpg 592w\" sizes=\"(max-width: 150px) 100vw, 150px\" \/><\/a>\n\t\t\t<\/dt><\/dl><dl class='gallery-item'>\n\t\t\t<dt class='gallery-icon portrait'>\n\t\t\t\t<a href='https:\/\/www.fuldaernachrichten.de\/wp-content\/uploads\/2009\/11\/091124_Pokal_004.jpg'><img loading=\"lazy\" decoding=\"async\" width=\"140\" height=\"150\" src=\"https:\/\/www.fuldaernachrichten.de\/wp-content\/uploads\/2009\/11\/091124_Pokal_004-265x284.jpg\" class=\"attachment-thumbnail size-thumbnail\" alt=\"\" srcset=\"https:\/\/www.fuldaernachrichten.de\/wp-content\/uploads\/2009\/11\/091124_Pokal_004-265x284.jpg 265w, https:\/\/www.fuldaernachrichten.de\/wp-content\/uploads\/2009\/11\/091124_Pokal_004.jpg 399w\" sizes=\"(max-width: 140px) 100vw, 140px\" \/><\/a>\n\t\t\t<\/dt><\/dl><br style=\"clear: both\" \/>\n\t\t<\/div>\n\n","protected":false},"excerpt":{"rendered":"<div class=\"tmnf_excerpt\"><p>Fulda. Auf den Punkt gebratenes Lammkarree unter der Kr\u00e4uterkruste, kredenzt mit Rosmarinso\u00dfe, Bohnen im Speckmantel und Kartoffelr\u00f6sti \u2013 dieser vollendete Genuss \u00fcberzeugte Jury und G\u00e4ste beim 32. Wehner GROMA Pokal gleicherma\u00dfen und brachte Nachwuchsk\u00f6chin Cornelia Hemrich vom Romantikhotel Goldener Karpfen die Goldmedaille. Auch im Bereich Service ging der erste Platz an das renommierte Fuldaer Restaurant:\u00c2\u00a0 &hellip;<\/p>\n<\/div>","protected":false},"author":1,"featured_media":0,"comment_status":"closed","ping_status":"closed","sticky":false,"template":"","format":"standard","meta":{"footnotes":""},"categories":[1,53,44],"tags":[],"class_list":["post-45765","post","type-post","status-publish","format-standard","hentry","category-startseite","category-bildung","category-kultur"],"_links":{"self":[{"href":"https:\/\/www.fuldaernachrichten.de\/index.php?rest_route=\/wp\/v2\/posts\/45765","targetHints":{"allow":["GET"]}}],"collection":[{"href":"https:\/\/www.fuldaernachrichten.de\/index.php?rest_route=\/wp\/v2\/posts"}],"about":[{"href":"https:\/\/www.fuldaernachrichten.de\/index.php?rest_route=\/wp\/v2\/types\/post"}],"author":[{"embeddable":true,"href":"https:\/\/www.fuldaernachrichten.de\/index.php?rest_route=\/wp\/v2\/users\/1"}],"replies":[{"embeddable":true,"href":"https:\/\/www.fuldaernachrichten.de\/index.php?rest_route=%2Fwp%2Fv2%2Fcomments&post=45765"}],"version-history":[{"count":9,"href":"https:\/\/www.fuldaernachrichten.de\/index.php?rest_route=\/wp\/v2\/posts\/45765\/revisions"}],"predecessor-version":[{"id":46041,"href":"https:\/\/www.fuldaernachrichten.de\/index.php?rest_route=\/wp\/v2\/posts\/45765\/revisions\/46041"}],"wp:attachment":[{"href":"https:\/\/www.fuldaernachrichten.de\/index.php?rest_route=%2Fwp%2Fv2%2Fmedia&parent=45765"}],"wp:term":[{"taxonomy":"category","embeddable":true,"href":"https:\/\/www.fuldaernachrichten.de\/index.php?rest_route=%2Fwp%2Fv2%2Fcategories&post=45765"},{"taxonomy":"post_tag","embeddable":true,"href":"https:\/\/www.fuldaernachrichten.de\/index.php?rest_route=%2Fwp%2Fv2%2Ftags&post=45765"}],"curies":[{"name":"wp","href":"https:\/\/api.w.org\/{rel}","templated":true}]}}