{"id":45727,"date":"2009-11-26T05:10:20","date_gmt":"2009-11-26T04:10:20","guid":{"rendered":"http:\/\/www.schoene-nachrichten.de\/?p=45727"},"modified":"2009-11-25T18:00:53","modified_gmt":"2009-11-25T17:00:53","slug":"nordhessische-jugendkonferenz-setzt-zeichen-fuer-toleranz-und-vielfalt","status":"publish","type":"post","link":"https:\/\/www.fuldaernachrichten.de\/?p=45727","title":{"rendered":"Nordhessische Jugendkonferenz setzt Zeichen f\u00fcr Toleranz und Vielfalt"},"content":{"rendered":"<p><strong><a href=\"http:\/\/www.schoene-nachrichten.de\/wp-content\/uploads\/2009\/11\/091124_Jugendkonferenz.jpg\"><img fetchpriority=\"high\" decoding=\"async\" class=\"alignleft size-thumbnail wp-image-45729\" title=\"091124_Jugendkonferenz\" src=\"http:\/\/www.schoene-nachrichten.de\/wp-content\/uploads\/2009\/11\/091124_Jugendkonferenz-265x198.jpg\" alt=\"091124_Jugendkonferenz\" width=\"265\" height=\"198\" srcset=\"https:\/\/www.fuldaernachrichten.de\/wp-content\/uploads\/2009\/11\/091124_Jugendkonferenz-265x198.jpg 265w, https:\/\/www.fuldaernachrichten.de\/wp-content\/uploads\/2009\/11\/091124_Jugendkonferenz.jpg 592w\" sizes=\"(max-width: 265px) 100vw, 265px\" \/><\/a>Kassel\/Fulda.<\/strong> \u201eSch\u00fcler\/innen aktiv f\u00fcr Toleranz und Vielfalt\u201c lautete das Motto der 3. Nordhessischen Jugendkonferenz in Kassel. Organisiert wurde diese vom Nordhessischen Netzwerk, einem Kooperationsverbund der kommunalen Jugendf\u00f6rderungen und Jugendbildungswerke der Landkreise Hersfeld-Rotenburg, Fulda, Kassel, Schwalm-Eder, Vogelsberg, Waldeck-Frankenberg und Werra-Mei\u00dfner sowie der St\u00e4dte Kassel, Baunatal, Fulda und Korbach.<!--more--><\/p>\n<p><a href=\"http:\/\/www.schoene-nachrichten.de\/wp-content\/uploads\/2009\/11\/091124_Hessen.jpg\"><img decoding=\"async\" class=\"alignleft size-thumbnail wp-image-45728\" title=\"091124_Hessen\" src=\"http:\/\/www.schoene-nachrichten.de\/wp-content\/uploads\/2009\/11\/091124_Hessen-265x375.jpg\" alt=\"091124_Hessen\" width=\"265\" height=\"375\" srcset=\"https:\/\/www.fuldaernachrichten.de\/wp-content\/uploads\/2009\/11\/091124_Hessen-265x375.jpg 265w, https:\/\/www.fuldaernachrichten.de\/wp-content\/uploads\/2009\/11\/091124_Hessen.jpg 399w\" sizes=\"(max-width: 265px) 100vw, 265px\" \/><\/a>In den verschiedenen \u201eAreas\u201c der als Veranstaltungsort gew\u00e4hlten Diskothek Nachthallen, wo normalerweise Tanzen und Feiern angesagt ist, wurde aufgekl\u00e4rt, debattiert und diskutiert. Das Nordhessische Netzwerk wollte die Sch\u00fcler\/innen aus der Region f\u00fcr das Thema Rechtsextremismus sensibilisieren, um das \u201eVersteckspiel\u201c der Rechtsextremen zu entlarven, die Jugendlichen informieren und mit ihnen gemeinsam Gegenstrategien entwickeln. Dr. Thomas Pfeiffer vom Innenministerium des Landes Nordrhein-Westfalen referierte anschaulich \u00fcber die \u201eErlebniswelt Rechtsextremismus \u2013 Faszination und Schrecken\u201c.<\/p>\n<p>Die 130 anwesenden Sch\u00fcler\/innen \u00fcberlegten, wie jeder selbst an seiner Schule f\u00fcr mehr Toleranz und Demokratie eintreten kann. Handfeste Ergebnisse und konkrete M\u00f6glichkeiten wurden in Workshops und Zukunftswerkst\u00e4tten erarbeitet und aufgezeigt. Diese Werte wollen auch die 40 Teilnehmer\/innen aus Fulda zuk\u00fcnftig an ihren Schulen in Stadt und Landkreis vermitteln und sich als Multiplikatoren engagiert f\u00fcr die Verbreitung der hier erfahrenen Informationen und Ergebnisse einsetzen.<\/p>\n","protected":false},"excerpt":{"rendered":"<div class=\"tmnf_excerpt\"><p>Kassel\/Fulda. \u201eSch\u00fcler\/innen aktiv f\u00fcr Toleranz und Vielfalt\u201c lautete das Motto der 3. Nordhessischen Jugendkonferenz in Kassel. Organisiert wurde diese vom Nordhessischen Netzwerk, einem Kooperationsverbund der kommunalen Jugendf\u00f6rderungen und Jugendbildungswerke der Landkreise Hersfeld-Rotenburg, Fulda, Kassel, Schwalm-Eder, Vogelsberg, Waldeck-Frankenberg und Werra-Mei\u00dfner sowie der St\u00e4dte Kassel, Baunatal, Fulda und Korbach.<\/p>\n<\/div>","protected":false},"author":1,"featured_media":0,"comment_status":"closed","ping_status":"closed","sticky":false,"template":"","format":"standard","meta":{"footnotes":""},"categories":[1,72],"tags":[],"class_list":["post-45727","post","type-post","status-publish","format-standard","hentry","category-startseite","category-jugend"],"_links":{"self":[{"href":"https:\/\/www.fuldaernachrichten.de\/index.php?rest_route=\/wp\/v2\/posts\/45727","targetHints":{"allow":["GET"]}}],"collection":[{"href":"https:\/\/www.fuldaernachrichten.de\/index.php?rest_route=\/wp\/v2\/posts"}],"about":[{"href":"https:\/\/www.fuldaernachrichten.de\/index.php?rest_route=\/wp\/v2\/types\/post"}],"author":[{"embeddable":true,"href":"https:\/\/www.fuldaernachrichten.de\/index.php?rest_route=\/wp\/v2\/users\/1"}],"replies":[{"embeddable":true,"href":"https:\/\/www.fuldaernachrichten.de\/index.php?rest_route=%2Fwp%2Fv2%2Fcomments&post=45727"}],"version-history":[{"count":2,"href":"https:\/\/www.fuldaernachrichten.de\/index.php?rest_route=\/wp\/v2\/posts\/45727\/revisions"}],"predecessor-version":[{"id":46032,"href":"https:\/\/www.fuldaernachrichten.de\/index.php?rest_route=\/wp\/v2\/posts\/45727\/revisions\/46032"}],"wp:attachment":[{"href":"https:\/\/www.fuldaernachrichten.de\/index.php?rest_route=%2Fwp%2Fv2%2Fmedia&parent=45727"}],"wp:term":[{"taxonomy":"category","embeddable":true,"href":"https:\/\/www.fuldaernachrichten.de\/index.php?rest_route=%2Fwp%2Fv2%2Fcategories&post=45727"},{"taxonomy":"post_tag","embeddable":true,"href":"https:\/\/www.fuldaernachrichten.de\/index.php?rest_route=%2Fwp%2Fv2%2Ftags&post=45727"}],"curies":[{"name":"wp","href":"https:\/\/api.w.org\/{rel}","templated":true}]}}