{"id":45721,"date":"2009-11-25T07:42:38","date_gmt":"2009-11-25T06:42:38","guid":{"rendered":"http:\/\/www.schoene-nachrichten.de\/?p=45721"},"modified":"2009-11-27T07:43:08","modified_gmt":"2009-11-27T06:43:08","slug":"von-barocker-froemmigkeit-zu-moderner-kunst-in-fulda","status":"publish","type":"post","link":"https:\/\/www.fuldaernachrichten.de\/?p=45721","title":{"rendered":"Von barocker Fr\u00f6mmigkeit zu moderner Kunst in Fulda"},"content":{"rendered":"<p><strong>Fulda. <\/strong>\u201eVon der barocken Fr\u00f6mmigkeit zur modernen Kunst\u201c war eine Vortragsfolge \u00fcberschrieben, die j\u00fcngst einen ungew\u00f6hnlichen Spannungsbogen aufbaute: Am Freitagnachmittag wies Franz Erhard Walther eindrucksvoll und mit umfangreichen Belegen im Neubau des Di\u00f6zesanarchivs einen Weg durch die Kunst des 20. Jahrhunderts, um aus der Sicht eines K\u00fcnstlers die vielf\u00e4ltigen barocken Quellen von Malerei, Bildhauerei, Land-Art und Konzeptkunst bis in unsere Tage offenzulegen.<!--more--><\/p>\n<p>Am Samstagvormittag stellte Domdechant Prof. Dr. Werner Kathrein kenntnisreich und in lebendiger Schilderung die Praxis der barocken Fr\u00f6mmigkeit in Fulda vor, wie sie insbesondere an der Michaelskirche aufwendig gepflegt wurde. Da\u00df bereits in der Musik der Barockzeit scheinbar widerspr\u00fcchliche Gestalt- und Kompositionskonzepte harmonisch zum Gottesdienst beigetragen haben, zeigte Domorganist Prof. Hans-J\u00fcrgen Kaiser an der gro\u00dfen Orgel im Dom und an der weit kleineren in der Michaelskirche.<\/p>\n<p>Beim Rundgang mit Di\u00f6zesanbaumeister Dr. Burghard Preusler konnten die Eindr\u00fccke der Vortr\u00e4ge in Dom, Michaelskirche und im Ehrenhof des Stadtschlosses vertieft werden. Das interdisziplin\u00e4re Programm wurde vom Verein \u201eFulda-Barock\u201c organisiert und soll laut Preusler am Beispiel der K\u00fcnste insbesondere aus vielf\u00e4ltiger Perspektive die Menschen der Barockzeit und ihre Verkn\u00fcpfung mit der Vergangenheit wie dem Heute in den Blick nehmen. \u201eDa zeigen sich \u00fcberraschende Gemeinsamkeiten und deutliche Unterschiede\u201c, betont der Di\u00f6zesanbaumeister. Die \u201eKulturlandschaft Fulda\u201c biete daf\u00fcr zahlreiche \u201eOriginalbelege\u201c. (bpf)<\/p>\n","protected":false},"excerpt":{"rendered":"<div class=\"tmnf_excerpt\"><p>Fulda. \u201eVon der barocken Fr\u00f6mmigkeit zur modernen Kunst\u201c war eine Vortragsfolge \u00fcberschrieben, die j\u00fcngst einen ungew\u00f6hnlichen Spannungsbogen aufbaute: Am Freitagnachmittag wies Franz Erhard Walther eindrucksvoll und mit umfangreichen Belegen im Neubau des Di\u00f6zesanarchivs einen Weg durch die Kunst des 20. Jahrhunderts, um aus der Sicht eines K\u00fcnstlers die vielf\u00e4ltigen barocken Quellen von Malerei, Bildhauerei, Land-Art &hellip;<\/p>\n<\/div>","protected":false},"author":1,"featured_media":0,"comment_status":"closed","ping_status":"closed","sticky":false,"template":"","format":"standard","meta":{"footnotes":""},"categories":[1,50,44],"tags":[],"class_list":["post-45721","post","type-post","status-publish","format-standard","hentry","category-startseite","category-kirche","category-kultur"],"_links":{"self":[{"href":"https:\/\/www.fuldaernachrichten.de\/index.php?rest_route=\/wp\/v2\/posts\/45721","targetHints":{"allow":["GET"]}}],"collection":[{"href":"https:\/\/www.fuldaernachrichten.de\/index.php?rest_route=\/wp\/v2\/posts"}],"about":[{"href":"https:\/\/www.fuldaernachrichten.de\/index.php?rest_route=\/wp\/v2\/types\/post"}],"author":[{"embeddable":true,"href":"https:\/\/www.fuldaernachrichten.de\/index.php?rest_route=\/wp\/v2\/users\/1"}],"replies":[{"embeddable":true,"href":"https:\/\/www.fuldaernachrichten.de\/index.php?rest_route=%2Fwp%2Fv2%2Fcomments&post=45721"}],"version-history":[{"count":2,"href":"https:\/\/www.fuldaernachrichten.de\/index.php?rest_route=\/wp\/v2\/posts\/45721\/revisions"}],"predecessor-version":[{"id":46131,"href":"https:\/\/www.fuldaernachrichten.de\/index.php?rest_route=\/wp\/v2\/posts\/45721\/revisions\/46131"}],"wp:attachment":[{"href":"https:\/\/www.fuldaernachrichten.de\/index.php?rest_route=%2Fwp%2Fv2%2Fmedia&parent=45721"}],"wp:term":[{"taxonomy":"category","embeddable":true,"href":"https:\/\/www.fuldaernachrichten.de\/index.php?rest_route=%2Fwp%2Fv2%2Fcategories&post=45721"},{"taxonomy":"post_tag","embeddable":true,"href":"https:\/\/www.fuldaernachrichten.de\/index.php?rest_route=%2Fwp%2Fv2%2Ftags&post=45721"}],"curies":[{"name":"wp","href":"https:\/\/api.w.org\/{rel}","templated":true}]}}