{"id":45717,"date":"2009-11-27T05:20:40","date_gmt":"2009-11-27T04:20:40","guid":{"rendered":"http:\/\/www.schoene-nachrichten.de\/?p=45717"},"modified":"2009-11-27T07:39:53","modified_gmt":"2009-11-27T06:39:53","slug":"der-fall-darwin-gespraechskreis-der-akademikerseelsorge","status":"publish","type":"post","link":"https:\/\/www.fuldaernachrichten.de\/?p=45717","title":{"rendered":"\u201eDer Fall Darwin\u201c \u2013 Gespr\u00e4chskreis der Akademikerseelsorge"},"content":{"rendered":"<p><strong>Fulda\/Hanau\/Kassel\/Marburg.<\/strong> Die Akademikerpastoral im Bistum Fulda veranstaltet am Mittwoch, 2. Dezember, um 20 Uhr c. t. in Zusammenarbeit mit der Katholischen Hochschulgemeinde (KHG) Marburg einen Gespr\u00e4chsabend im Rahmen des Gespr\u00e4chskreises f\u00fcr Hochschullehrer und Akademiker.<!--more--><\/p>\n<p>An diesem Abend referiert Prof. Dr. Christian Kummer SJ (M\u00fcnchen) \u00fcber das Thema \u201eDer Fall Darwin. Was Evolutionstheorie und Sch\u00f6pfungsglaube voneinander lernen k\u00f6nnen\u201c. Ort ist das Haus der KHG in der Johannes-M\u00fcller-Str. 19 in Marburg. Um Anmeldung wird gebeten bei Dr. Norbert Ernst, Akademikerseelsorger des Bistums Fulda, Kressenbrunnen 4, 34393 Grebenstein, Tel. 05674\/9231107, E-Mail: norbert.ernst@online.de. (bpf)<\/p>\n","protected":false},"excerpt":{"rendered":"<div class=\"tmnf_excerpt\"><p>Fulda\/Hanau\/Kassel\/Marburg. Die Akademikerpastoral im Bistum Fulda veranstaltet am Mittwoch, 2. Dezember, um 20 Uhr c. t. in Zusammenarbeit mit der Katholischen Hochschulgemeinde (KHG) Marburg einen Gespr\u00e4chsabend im Rahmen des Gespr\u00e4chskreises f\u00fcr Hochschullehrer und Akademiker.<\/p>\n<\/div>","protected":false},"author":1,"featured_media":0,"comment_status":"closed","ping_status":"closed","sticky":false,"template":"","format":"standard","meta":{"footnotes":""},"categories":[1,53,44],"tags":[],"class_list":["post-45717","post","type-post","status-publish","format-standard","hentry","category-startseite","category-bildung","category-kultur"],"_links":{"self":[{"href":"https:\/\/www.fuldaernachrichten.de\/index.php?rest_route=\/wp\/v2\/posts\/45717","targetHints":{"allow":["GET"]}}],"collection":[{"href":"https:\/\/www.fuldaernachrichten.de\/index.php?rest_route=\/wp\/v2\/posts"}],"about":[{"href":"https:\/\/www.fuldaernachrichten.de\/index.php?rest_route=\/wp\/v2\/types\/post"}],"author":[{"embeddable":true,"href":"https:\/\/www.fuldaernachrichten.de\/index.php?rest_route=\/wp\/v2\/users\/1"}],"replies":[{"embeddable":true,"href":"https:\/\/www.fuldaernachrichten.de\/index.php?rest_route=%2Fwp%2Fv2%2Fcomments&post=45717"}],"version-history":[{"count":2,"href":"https:\/\/www.fuldaernachrichten.de\/index.php?rest_route=\/wp\/v2\/posts\/45717\/revisions"}],"predecessor-version":[{"id":46127,"href":"https:\/\/www.fuldaernachrichten.de\/index.php?rest_route=\/wp\/v2\/posts\/45717\/revisions\/46127"}],"wp:attachment":[{"href":"https:\/\/www.fuldaernachrichten.de\/index.php?rest_route=%2Fwp%2Fv2%2Fmedia&parent=45717"}],"wp:term":[{"taxonomy":"category","embeddable":true,"href":"https:\/\/www.fuldaernachrichten.de\/index.php?rest_route=%2Fwp%2Fv2%2Fcategories&post=45717"},{"taxonomy":"post_tag","embeddable":true,"href":"https:\/\/www.fuldaernachrichten.de\/index.php?rest_route=%2Fwp%2Fv2%2Ftags&post=45717"}],"curies":[{"name":"wp","href":"https:\/\/api.w.org\/{rel}","templated":true}]}}