{"id":45713,"date":"2009-11-28T05:45:22","date_gmt":"2009-11-28T04:45:22","guid":{"rendered":"http:\/\/www.schoene-nachrichten.de\/?p=45713"},"modified":"2009-11-28T08:22:41","modified_gmt":"2009-11-28T07:22:41","slug":"adventliche-besinnungstage-im-bonifatiushaus","status":"publish","type":"post","link":"https:\/\/www.fuldaernachrichten.de\/?p=45713","title":{"rendered":"Adventliche Besinnungstage im Bonifatiushaus"},"content":{"rendered":"<p><strong>Fulda\/Hanau\/Kassel\/Marburg<\/strong>. Zu adventlichen Besinnungstagen in Fulda l\u00e4dt vom 7. bis 11. Dezember das Bonifatiushaus ein. Die Tage stehen unter dem Motto \u201eDer Herr hat mich gesandt, damit ich den Armen eine gute Nachricht bringe\u201c (Lk 4,18); sie beginnen am Montag um 15 Uhr mit dem Kaffee und enden am Freitag morgen nach dem Fr\u00fchst\u00fcck. Am Montag, 7. Dezember, f\u00fchrt Pater Frederik Kell OSB (Erzabtei St. Ottilien) mit einem Vortrag \u00fcber die Heiligsprechung Damians de Veuster ein.<!--more--><\/p>\n<p>Am Dienstag, 8. Dezember, spricht vormittags Prof. Dieter Wagner (K\u00fcnzell) \u00fcber \u201eW\u00e4ren sie klug, so begriffen sie alles\u00e2\u20ac\u00a6 (Dtn 32,29) \u2013 Weihnachtliche Anbetungsbilder von Hieronymus Bosch\u201c. Nachmittags steht ein weiterer Vortrag von Pater Kell zum Thema \u201eDie Verk\u00fcndigung durch das Wort\u201c auf dem Programm. Am Mittwoch, 9. Dezember, gibt es vormittags eine Betrachtung \u00fcber \u201eHeilung, Wunde\u201c von Pater Kell.<\/p>\n<p>Am Nachmittag steht eine Exkursion nach Blankenau und Klein-Heiligkreuz auf dem Programm. Am Donnerstag, 10. Dezember, vormittags tr\u00e4gt Prof. Dr. Albrecht Goebel unter dem Motto \u201eMaria durch den Dornwald ging\u201c \u00fcber romantische Weihnachtsmusik von Mendelssohn bis Reger vor. Nachmittags spricht Pater Kell weiter \u00fcber \u201eHeilung, Wunder\u201c. Die Heilige Messe wird je-den Tag gefeiert. Am Freitag, 11. Dezember, findet um 7 Uhr ein feierlicher Adventsgottesdienst \u201eRo-rate Coeli\u201c statt. Anmeldungen werden bis 28. November an das Bonifatiushaus, Neuenberger Str. 3-5, 36041 Fulda, Tel. 0661\/8398-114 erbeten. (bpf).<\/p>\n","protected":false},"excerpt":{"rendered":"<div class=\"tmnf_excerpt\"><p>Fulda\/Hanau\/Kassel\/Marburg. Zu adventlichen Besinnungstagen in Fulda l\u00e4dt vom 7. bis 11. Dezember das Bonifatiushaus ein. Die Tage stehen unter dem Motto \u201eDer Herr hat mich gesandt, damit ich den Armen eine gute Nachricht bringe\u201c (Lk 4,18); sie beginnen am Montag um 15 Uhr mit dem Kaffee und enden am Freitag morgen nach dem Fr\u00fchst\u00fcck. Am &hellip;<\/p>\n<\/div>","protected":false},"author":1,"featured_media":0,"comment_status":"closed","ping_status":"closed","sticky":false,"template":"","format":"standard","meta":{"footnotes":""},"categories":[1,50],"tags":[],"class_list":["post-45713","post","type-post","status-publish","format-standard","hentry","category-startseite","category-kirche"],"_links":{"self":[{"href":"https:\/\/www.fuldaernachrichten.de\/index.php?rest_route=\/wp\/v2\/posts\/45713","targetHints":{"allow":["GET"]}}],"collection":[{"href":"https:\/\/www.fuldaernachrichten.de\/index.php?rest_route=\/wp\/v2\/posts"}],"about":[{"href":"https:\/\/www.fuldaernachrichten.de\/index.php?rest_route=\/wp\/v2\/types\/post"}],"author":[{"embeddable":true,"href":"https:\/\/www.fuldaernachrichten.de\/index.php?rest_route=\/wp\/v2\/users\/1"}],"replies":[{"embeddable":true,"href":"https:\/\/www.fuldaernachrichten.de\/index.php?rest_route=%2Fwp%2Fv2%2Fcomments&post=45713"}],"version-history":[{"count":3,"href":"https:\/\/www.fuldaernachrichten.de\/index.php?rest_route=\/wp\/v2\/posts\/45713\/revisions"}],"predecessor-version":[{"id":46260,"href":"https:\/\/www.fuldaernachrichten.de\/index.php?rest_route=\/wp\/v2\/posts\/45713\/revisions\/46260"}],"wp:attachment":[{"href":"https:\/\/www.fuldaernachrichten.de\/index.php?rest_route=%2Fwp%2Fv2%2Fmedia&parent=45713"}],"wp:term":[{"taxonomy":"category","embeddable":true,"href":"https:\/\/www.fuldaernachrichten.de\/index.php?rest_route=%2Fwp%2Fv2%2Fcategories&post=45713"},{"taxonomy":"post_tag","embeddable":true,"href":"https:\/\/www.fuldaernachrichten.de\/index.php?rest_route=%2Fwp%2Fv2%2Ftags&post=45713"}],"curies":[{"name":"wp","href":"https:\/\/api.w.org\/{rel}","templated":true}]}}