{"id":4561,"date":"2007-08-08T00:30:47","date_gmt":"2007-08-07T22:30:47","guid":{"rendered":"http:\/\/www.schoene-nachrichten.de\/?p=4561"},"modified":"2007-08-19T22:46:19","modified_gmt":"2007-08-19T20:46:19","slug":"heilige-des-tages-heute-hl-dominikus-patron-von-bologna-madrid-und-cordoba","status":"publish","type":"post","link":"https:\/\/www.fuldaernachrichten.de\/?p=4561","title":{"rendered":"\u201cHeilige des Tages\u00e2\u20ac\u009d &#8211; heute: Hl. Dominikus \u2013 Patron von Bologna, Madrid und Cordoba"},"content":{"rendered":"<p><img decoding=\"async\" align=\"left\" src=\"http:\/\/www.schoene-nachrichten.de\/wp-content\/uploads\/2007\/07\/070704_bistum1.jpg\" hspace=\"5\" alt=\"070704_bistum1.jpg\" \/><strong>Serie.<\/strong>\u00c2\u00a0Dominikus stammt aus dem altspanischen, adligen Geschlecht der Guzman und wurde 1170 in Caleruega nahe Burgos in Spanien geboren.<\/p>\n<p>Er studierte in Valencia Theologie und Philosophie und schon sehr bald wurde er die rechte Hand seines Bischofs, der ihn auf Reisen nach S\u00fcdfrankreich und Rom mitnimmt. Auf diesen Reisen lernt er die Gefahr der Irrlehren der Albigenser und Waldenser kennen, die gro\u00dfe Verwirrung unter den Gl\u00e4ubigen anrichteten.<\/p>\n<p><strong>Video ansehen mit:<\/strong> <a target=\"_blank\" href=\"http:\/\/www.schoene-nachrichten.de\/wp-content\/uploads\/2007\/08\/070808_Bistum.wmv\">Windows Media Player<\/a> oder <a target=\"_blank\" href=\"http:\/\/www.schoene-nachrichten.de\/Video\/070808_Bistum.rmvb\">Real Media Player<\/a><\/p>\n<p><!--more-->Dominikus w\u00e4hlte die Wahrheit als Grundlage seines Wirkens. Er gr\u00fcndete zusammen mit seinem Bischof Diego in S\u00fcdfrankreich sein erstes Missionszentrum und begann seinen gro\u00dfen Feldzug gegen die Ketzer.<\/p>\n<p>Dominikus hatte beobachtet, dass die Katharer durch ein hohes Bildungsniveau und eine straffe Organisation wesentlich zur Verbreitung ihrer Lehre beitrugen.<\/p>\n<p>In 1215 gr\u00fcndete er eine eigene Kongregation, um durch das gesprochene Wort die Irrgl\u00e4ubigen zu bekehren.<\/p>\n<p>Nur ein Jahr sp\u00e4ter wurde der Orden der Prediger \u2013 der offizielle Name der Dominikaner &#8211; von Papst Honorius III\u00c2\u00a0 genehmigt. In seinem Orden versammelte er theologisch gebildete M\u00e4nner, um diese als geschulte Prediger in die Welt zu senden. Es entstanden Kl\u00f6ster in Ungarn, Deutschland und England &#8211; und die Dominikaner entwickelten sich zum m\u00e4chtigsten Orden des Mittelalters.<\/p>\n<p>Der Hl. Dominikus hatte nur wenig Zeit, um die Ausbreitung seines Ordens zu betreiben. Er starb im 51. Lebensjahr und sein Grab ist in der nach ihm benannten Kirche in Bologna.<\/p>\n<p>1234 wurde Dominikus von Papst Gregor IX heilig gesprochen.<\/p>\n<p><img decoding=\"async\" src=\"http:\/\/www.schoene-nachrichten.de\/wp-content\/uploads\/2007\/02\/x_sponsor.gif\" alt=\"x_sponsor.gif\" \/>[local \/wp-content\/uploads\/2007\/08\/070808_Bistum.wmv]<\/p>\n","protected":false},"excerpt":{"rendered":"<div class=\"tmnf_excerpt\"><p>Serie.\u00c2\u00a0Dominikus stammt aus dem altspanischen, adligen Geschlecht der Guzman und wurde 1170 in Caleruega nahe Burgos in Spanien geboren. Er studierte in Valencia Theologie und Philosophie und schon sehr bald wurde er die rechte Hand seines Bischofs, der ihn auf Reisen nach S\u00fcdfrankreich und Rom mitnimmt. Auf diesen Reisen lernt er die Gefahr der Irrlehren &hellip;<\/p>\n<\/div>","protected":false},"author":1,"featured_media":0,"comment_status":"closed","ping_status":"closed","sticky":false,"template":"","format":"standard","meta":{"footnotes":""},"categories":[1,50],"tags":[],"class_list":["post-4561","post","type-post","status-publish","format-standard","hentry","category-startseite","category-kirche"],"_links":{"self":[{"href":"https:\/\/www.fuldaernachrichten.de\/index.php?rest_route=\/wp\/v2\/posts\/4561","targetHints":{"allow":["GET"]}}],"collection":[{"href":"https:\/\/www.fuldaernachrichten.de\/index.php?rest_route=\/wp\/v2\/posts"}],"about":[{"href":"https:\/\/www.fuldaernachrichten.de\/index.php?rest_route=\/wp\/v2\/types\/post"}],"author":[{"embeddable":true,"href":"https:\/\/www.fuldaernachrichten.de\/index.php?rest_route=\/wp\/v2\/users\/1"}],"replies":[{"embeddable":true,"href":"https:\/\/www.fuldaernachrichten.de\/index.php?rest_route=%2Fwp%2Fv2%2Fcomments&post=4561"}],"version-history":[{"count":0,"href":"https:\/\/www.fuldaernachrichten.de\/index.php?rest_route=\/wp\/v2\/posts\/4561\/revisions"}],"wp:attachment":[{"href":"https:\/\/www.fuldaernachrichten.de\/index.php?rest_route=%2Fwp%2Fv2%2Fmedia&parent=4561"}],"wp:term":[{"taxonomy":"category","embeddable":true,"href":"https:\/\/www.fuldaernachrichten.de\/index.php?rest_route=%2Fwp%2Fv2%2Fcategories&post=4561"},{"taxonomy":"post_tag","embeddable":true,"href":"https:\/\/www.fuldaernachrichten.de\/index.php?rest_route=%2Fwp%2Fv2%2Ftags&post=4561"}],"curies":[{"name":"wp","href":"https:\/\/api.w.org\/{rel}","templated":true}]}}