{"id":45570,"date":"2009-12-08T05:34:10","date_gmt":"2009-12-08T04:34:10","guid":{"rendered":"http:\/\/www.schoene-nachrichten.de\/?p=45570"},"modified":"2009-12-08T08:55:31","modified_gmt":"2009-12-08T07:55:31","slug":"neu-im-kino-adam-kinostart-10-12-09","status":"publish","type":"post","link":"https:\/\/www.fuldaernachrichten.de\/?p=45570","title":{"rendered":"Neu im Kino: Adam &#8211; Kinostart: 10.12.09"},"content":{"rendered":"<p><strong><a href=\"http:\/\/www.schoene-nachrichten.de\/wp-content\/uploads\/2009\/11\/091120_Adam.jpg\"><img fetchpriority=\"high\" decoding=\"async\" class=\"alignleft size-thumbnail wp-image-45571\" title=\"091120_Adam\" src=\"http:\/\/www.schoene-nachrichten.de\/wp-content\/uploads\/2009\/11\/091120_Adam-265x378.jpg\" alt=\"091120_Adam\" width=\"265\" height=\"378\" srcset=\"https:\/\/www.fuldaernachrichten.de\/wp-content\/uploads\/2009\/11\/091120_Adam-265x378.jpg 265w, https:\/\/www.fuldaernachrichten.de\/wp-content\/uploads\/2009\/11\/091120_Adam.jpg 399w\" sizes=\"(max-width: 265px) 100vw, 265px\" \/><\/a>Kino. <\/strong>Adam Raki (Hugh Dancy), ein Elektronik-Ingenieur, leidet unter einer Entwicklungs-Erkrankung namens Asperger-Syndrom. Als Beth (Rose Byrne), eine junge Frau, in sein Wohnhaus einzieht, ist Adam von ihr angetan. Beth weiss nicht recht, wie Sie auf auf Adam&#8217;s unkonventionelle Ouvert\u00fcren reagieren soll, und beschlie\u00dft, ihm eine Chance zu geben. Aber Beth Eltern sind besorgt \u00fcber den neuen Freund ihrer Tochter und unternehmen alles um diese Romanze zu beenden.<\/p>\n<p><strong> Kinostart: 10.12.2009<\/strong><\/p>\n","protected":false},"excerpt":{"rendered":"<div class=\"tmnf_excerpt\"><p>Kino. Adam Raki (Hugh Dancy), ein Elektronik-Ingenieur, leidet unter einer Entwicklungs-Erkrankung namens Asperger-Syndrom. Als Beth (Rose Byrne), eine junge Frau, in sein Wohnhaus einzieht, ist Adam von ihr angetan. Beth weiss nicht recht, wie Sie auf auf Adam&#8217;s unkonventionelle Ouvert\u00fcren reagieren soll, und beschlie\u00dft, ihm eine Chance zu geben. Aber Beth Eltern sind besorgt \u00fcber &hellip;<\/p>\n<\/div>","protected":false},"author":1,"featured_media":0,"comment_status":"closed","ping_status":"closed","sticky":false,"template":"","format":"standard","meta":{"footnotes":""},"categories":[1,79],"tags":[],"class_list":["post-45570","post","type-post","status-publish","format-standard","hentry","category-startseite","category-kino"],"_links":{"self":[{"href":"https:\/\/www.fuldaernachrichten.de\/index.php?rest_route=\/wp\/v2\/posts\/45570","targetHints":{"allow":["GET"]}}],"collection":[{"href":"https:\/\/www.fuldaernachrichten.de\/index.php?rest_route=\/wp\/v2\/posts"}],"about":[{"href":"https:\/\/www.fuldaernachrichten.de\/index.php?rest_route=\/wp\/v2\/types\/post"}],"author":[{"embeddable":true,"href":"https:\/\/www.fuldaernachrichten.de\/index.php?rest_route=\/wp\/v2\/users\/1"}],"replies":[{"embeddable":true,"href":"https:\/\/www.fuldaernachrichten.de\/index.php?rest_route=%2Fwp%2Fv2%2Fcomments&post=45570"}],"version-history":[{"count":4,"href":"https:\/\/www.fuldaernachrichten.de\/index.php?rest_route=\/wp\/v2\/posts\/45570\/revisions"}],"predecessor-version":[{"id":47060,"href":"https:\/\/www.fuldaernachrichten.de\/index.php?rest_route=\/wp\/v2\/posts\/45570\/revisions\/47060"}],"wp:attachment":[{"href":"https:\/\/www.fuldaernachrichten.de\/index.php?rest_route=%2Fwp%2Fv2%2Fmedia&parent=45570"}],"wp:term":[{"taxonomy":"category","embeddable":true,"href":"https:\/\/www.fuldaernachrichten.de\/index.php?rest_route=%2Fwp%2Fv2%2Fcategories&post=45570"},{"taxonomy":"post_tag","embeddable":true,"href":"https:\/\/www.fuldaernachrichten.de\/index.php?rest_route=%2Fwp%2Fv2%2Ftags&post=45570"}],"curies":[{"name":"wp","href":"https:\/\/api.w.org\/{rel}","templated":true}]}}