{"id":4551,"date":"2007-08-08T00:33:54","date_gmt":"2007-08-07T22:33:54","guid":{"rendered":"http:\/\/www.schoene-nachrichten.de\/?p=4551"},"modified":"2007-08-08T11:03:21","modified_gmt":"2007-08-08T09:03:21","slug":"2-dmv-kumho-main-kinzig-rallye-2007","status":"publish","type":"post","link":"https:\/\/www.fuldaernachrichten.de\/?p=4551","title":{"rendered":"2. DMV KUMHO Main-Kinzig-Rallye 2007"},"content":{"rendered":"<p><strong>Motorsport in W\u00e4chtersbach.<\/strong> Am Samstag, dem 27. Juli, veranstaltete der MSC W\u00e4chtersbach seine zweite Rallye mit dem Rallyezentrum auf dem Messegel\u00e4nde in W\u00e4chtersbach. Bereits im vergangenen Jahr konnten die W\u00e4chtersbacher mit einer sehr gelungenen Auftaktveranstaltung den Terminplan der 200er L\u00e4ufe f\u00fcllen, was aber in diesem Jahr noch getoppt wurde.<\/p>\n<p><strong>Fotos (24) und Videos (3):<\/strong> Denny Rausch, Marco Hellwig und Sebastian Hellwig<\/p>\n<p><strong>Video 1 &#8211;<\/strong> <a target=\"_blank\" href=\"http:\/\/www.rallye200.eu\/media\/070728_waechtersbach_rausch_wp2\">Zweite Wertungspr\u00fcfung<\/a><\/p>\n<p><a rel=\"lightbox[roadtrip]\" target=\"_blank\" href=\"http:\/\/www.schoene-nachrichten.de\/wp-content\/uploads\/2007\/08\/070728_rallye_11.jpg\" title=\"Foto: Marco Hellwig\"><img decoding=\"async\" width=\"128\" src=\"http:\/\/www.schoene-nachrichten.de\/wp-content\/uploads\/2007\/08\/070728_rallye_11.thumbnail.jpg\" alt=\"070728_rallye_11.jpg\" \/><\/a>\u00c2\u00a0<a rel=\"lightbox[roadtrip]\" target=\"_blank\" href=\"http:\/\/www.schoene-nachrichten.de\/wp-content\/uploads\/2007\/08\/070728_rallye_01.jpg\" title=\"Foto: Marco Hellwig\"><img decoding=\"async\" width=\"128\" src=\"http:\/\/www.schoene-nachrichten.de\/wp-content\/uploads\/2007\/08\/070728_rallye_01.thumbnail.jpg\" alt=\"070728_rallye_01.jpg\" \/><\/a> <a rel=\"lightbox[roadtrip]\" target=\"_blank\" href=\"http:\/\/www.schoene-nachrichten.de\/wp-content\/uploads\/2007\/08\/070728_rallye_24.jpg\" title=\"Foto: Marco Hellwig\"><img decoding=\"async\" width=\"128\" src=\"http:\/\/www.schoene-nachrichten.de\/wp-content\/uploads\/2007\/08\/070728_rallye_24.thumbnail.jpg\" alt=\"070728_rallye_24.jpg\" \/><\/a><\/p>\n<p><a rel=\"lightbox[roadtrip]\" target=\"_blank\" href=\"http:\/\/www.schoene-nachrichten.de\/wp-content\/uploads\/2007\/08\/070728_rallye_02.jpg\" title=\"Foto: Marco Hellwig\"><img decoding=\"async\" width=\"128\" src=\"http:\/\/www.schoene-nachrichten.de\/wp-content\/uploads\/2007\/08\/070728_rallye_02.thumbnail.jpg\" alt=\"070728_rallye_02.jpg\" \/><\/a> <a rel=\"lightbox[roadtrip]\" target=\"_blank\" href=\"http:\/\/www.schoene-nachrichten.de\/wp-content\/uploads\/2007\/08\/070728_rallye_03.jpg\" title=\"Foto: Marco Hellwig\"><img decoding=\"async\" width=\"128\" src=\"http:\/\/www.schoene-nachrichten.de\/wp-content\/uploads\/2007\/08\/070728_rallye_03.thumbnail.jpg\" alt=\"070728_rallye_03.jpg\" \/><\/a> <a rel=\"lightbox[roadtrip]\" target=\"_blank\" href=\"http:\/\/www.schoene-nachrichten.de\/wp-content\/uploads\/2007\/08\/070728_rallye_19.jpg\" title=\"Foto: Marco Hellwig\"><img decoding=\"async\" width=\"128\" src=\"http:\/\/www.schoene-nachrichten.de\/wp-content\/uploads\/2007\/08\/070728_rallye_19.thumbnail.jpg\" alt=\"070728_rallye_19.jpg\" \/><\/a><\/p>\n<p><!--more--><strong>Video 2 &#8211;<\/strong>\u00c2\u00a0<a target=\"_blank\" href=\"http:\/\/www.rallye200.eu\/media\/070728_waechtersbach_rausch_wp4\">Vierte Wertungspr\u00fcfung<\/a>\u00c2\u00a0<\/p>\n<p>Aus Nah und Fern reisten Fans und auch die teilnehmenden Teams nach W\u00e4chtersbach, um vom Veranstalter einiges geboten zu bekommen. Es wurden drei verschiedene Pr\u00fcfungen jeweils zwei Mal gefahren. Die Wertungspr\u00fcfungen waren Brachtal\/Spielberg (Rundkurs &#8211; WP1 und WP4), Untersotzbach (Sprintpr\u00fcfung &#8211; WP2 und WP5) und Brachtal\/Schlierbach (Rundkurs &#8211; WP3 und WP6).<\/p>\n<p><a rel=\"lightbox[roadtrip]\" target=\"_blank\" href=\"http:\/\/www.schoene-nachrichten.de\/wp-content\/uploads\/2007\/08\/070728_rallye_04.jpg\" title=\"Foto: Marco Hellwig\"><img decoding=\"async\" width=\"128\" src=\"http:\/\/www.schoene-nachrichten.de\/wp-content\/uploads\/2007\/08\/070728_rallye_04.thumbnail.jpg\" alt=\"070728_rallye_04.jpg\" \/><\/a> <a rel=\"lightbox[roadtrip]\" target=\"_blank\" href=\"http:\/\/www.schoene-nachrichten.de\/wp-content\/uploads\/2007\/08\/070728_rallye_05.jpg\" title=\"Foto: Marco Hellwig\"><img decoding=\"async\" width=\"128\" src=\"http:\/\/www.schoene-nachrichten.de\/wp-content\/uploads\/2007\/08\/070728_rallye_05.thumbnail.jpg\" alt=\"070728_rallye_05.jpg\" \/><\/a> <a rel=\"lightbox[roadtrip]\" target=\"_blank\" href=\"http:\/\/www.schoene-nachrichten.de\/wp-content\/uploads\/2007\/08\/070728_rallye_06.jpg\" title=\"Foto: Marco Hellwig\"><img decoding=\"async\" width=\"128\" src=\"http:\/\/www.schoene-nachrichten.de\/wp-content\/uploads\/2007\/08\/070728_rallye_06.thumbnail.jpg\" alt=\"070728_rallye_06.jpg\" \/><\/a><\/p>\n<p><strong>Video 3 &#8211;<\/strong>\u00c2\u00a0<a target=\"_blank\" href=\"http:\/\/www.rallye200.eu\/media\/070728_waechtersbach_rausch_wp6\">Sechste Wertungspr\u00fcfung<\/a><\/p>\n<p>Bereits auf WP1 musste Udo Schiffman seinen BMW M 3 nach einem Ausritt in den angrenzenden Graben total zerst\u00f6rt liegen lassen. Rapahel Ramonat (Ford Escort Cosworth), Martin H\u00e4ring (Opel Manta B) und Fritz K\u00f6hler (Opel Kadett C Coupe) blieben auch nicht vom Pech verschont und fielen bereits in den ersten Pr\u00fcfungen aus.<\/p>\n<p><a rel=\"lightbox[roadtrip]\" target=\"_blank\" href=\"http:\/\/www.schoene-nachrichten.de\/wp-content\/uploads\/2007\/08\/070728_rallye_07.jpg\" title=\"Foto: Marco Hellwig\"><img decoding=\"async\" width=\"128\" src=\"http:\/\/www.schoene-nachrichten.de\/wp-content\/uploads\/2007\/08\/070728_rallye_07.thumbnail.jpg\" alt=\"070728_rallye_07.jpg\" \/><\/a>\u00c2\u00a0<a rel=\"lightbox[roadtrip]\" target=\"_blank\" href=\"http:\/\/www.schoene-nachrichten.de\/wp-content\/uploads\/2007\/08\/070728_rallye_21.jpg\" title=\"Foto: Marco Hellwig\"><img decoding=\"async\" width=\"128\" src=\"http:\/\/www.schoene-nachrichten.de\/wp-content\/uploads\/2007\/08\/070728_rallye_21.thumbnail.jpg\" alt=\"070728_rallye_21.jpg\" \/><\/a> <a rel=\"lightbox[roadtrip]\" target=\"_blank\" href=\"http:\/\/www.schoene-nachrichten.de\/wp-content\/uploads\/2007\/08\/070728_rallye_08.jpg\" title=\"Foto: Marco Hellwig\"><img decoding=\"async\" width=\"128\" src=\"http:\/\/www.schoene-nachrichten.de\/wp-content\/uploads\/2007\/08\/070728_rallye_08.thumbnail.jpg\" alt=\"070728_rallye_08.jpg\" \/><\/a><\/p>\n<p>F\u00fcr unsere osthessischen Teams hie\u00df es also &#8220;Feuer frei auf die wilde Hatz ums Siegerpodest&#8221;. Marco Koch blies zum Angriff und legte eine Bestzeit nach der anderen vor. Matthias Weber (Mitsubishi Evo 6), die Gebr\u00fcder Schmidtmeister (BMW 320is), Michael Rausch (Opel Ascona B 16V), Uwe Kiehm (Opel Kadett C Coupe 16V) sowie J\u00f6rg Schuhey (Opel Astra GSI 16V) fegten sich die Zeiten nur so um die Ohren.<\/p>\n<p><a rel=\"lightbox[roadtrip]\" target=\"_blank\" href=\"http:\/\/www.schoene-nachrichten.de\/wp-content\/uploads\/2007\/08\/070728_rallye_10.jpg\" title=\"Foto: Marco Hellwig\"><img decoding=\"async\" width=\"128\" src=\"http:\/\/www.schoene-nachrichten.de\/wp-content\/uploads\/2007\/08\/070728_rallye_10.thumbnail.jpg\" alt=\"070728_rallye_10.jpg\" \/><\/a>\u00c2\u00a0<a rel=\"lightbox[roadtrip]\" target=\"_blank\" href=\"http:\/\/www.schoene-nachrichten.de\/wp-content\/uploads\/2007\/08\/070728_rallye_12.jpg\" title=\"Foto: Marco Hellwig\"><img decoding=\"async\" width=\"128\" src=\"http:\/\/www.schoene-nachrichten.de\/wp-content\/uploads\/2007\/08\/070728_rallye_12.thumbnail.jpg\" alt=\"070728_rallye_12.jpg\" \/><\/a> <a rel=\"lightbox[roadtrip]\" target=\"_blank\" href=\"http:\/\/www.schoene-nachrichten.de\/wp-content\/uploads\/2007\/08\/070728_rallye_20.jpg\" title=\"Foto: Marco Hellwig\"><img decoding=\"async\" width=\"128\" src=\"http:\/\/www.schoene-nachrichten.de\/wp-content\/uploads\/2007\/08\/070728_rallye_20.thumbnail.jpg\" alt=\"070728_rallye_20.jpg\" \/><\/a>\u00c2\u00a0<\/p>\n<p>Nicht nur eine neue Wertungspr\u00fcfung, sondern auch die Wetterkapriolen machten es den Teams sehr schwer. Wer morgens noch auf Regenreifen in die erste Pr\u00fcfung ging und damit leichte Vorteile hatte, verlor diese zur Mitte der Rallye, weil es bis auf einen kurzen aber sehr heftigen Regenschauer auf Pr\u00fcfung 3 fast trocken blieb. Die beliebtesten Worte der Fahrer lauteten &#8220;total rutschig durch den Regen&#8221; oder &#8220;wie Schmierseife auf der Strecke&#8221;.<\/p>\n<p><a rel=\"lightbox[roadtrip]\" target=\"_blank\" href=\"http:\/\/www.schoene-nachrichten.de\/wp-content\/uploads\/2007\/08\/070728_rallye_13.jpg\" title=\"Foto: Marco Hellwig\"><img decoding=\"async\" width=\"128\" src=\"http:\/\/www.schoene-nachrichten.de\/wp-content\/uploads\/2007\/08\/070728_rallye_13.thumbnail.jpg\" alt=\"070728_rallye_13.jpg\" \/><\/a>\u00c2\u00a0<a rel=\"lightbox[roadtrip]\" target=\"_blank\" href=\"http:\/\/www.schoene-nachrichten.de\/wp-content\/uploads\/2007\/08\/070728_rallye_09.jpg\" title=\"Foto: Marco Hellwig\"><img decoding=\"async\" width=\"128\" src=\"http:\/\/www.schoene-nachrichten.de\/wp-content\/uploads\/2007\/08\/070728_rallye_09.thumbnail.jpg\" alt=\"070728_rallye_09.jpg\" \/><\/a> <a rel=\"lightbox[roadtrip]\" target=\"_blank\" href=\"http:\/\/www.schoene-nachrichten.de\/wp-content\/uploads\/2007\/08\/070728_rallye_14.jpg\" title=\"Foto: Marco Hellwig\"><img decoding=\"async\" width=\"128\" src=\"http:\/\/www.schoene-nachrichten.de\/wp-content\/uploads\/2007\/08\/070728_rallye_14.thumbnail.jpg\" alt=\"070728_rallye_14.jpg\" \/><\/a><\/p>\n<p>Der Veranstalter konnte durch einen gut organisierten und reibungslosen Ablauf eine sehr gute zweite Auflage der Main-Kinzig-Rallye darbieten. Die Fans k\u00f6nnen und wollen nur hoffen das im kommenden Jahr die dritte Rallye stattfinden darf, denn die &#8220;Main-Kinzig-Rallye&#8221; es verdient hat, weiterhin im Terminplan der 200er Rallye-L\u00e4ufe zu erscheinen.<\/p>\n<p><a rel=\"lightbox[roadtrip]\" target=\"_blank\" href=\"http:\/\/www.schoene-nachrichten.de\/wp-content\/uploads\/2007\/08\/070728_rallye_15.jpg\" title=\"Foto: Marco Hellwig\"><img decoding=\"async\" width=\"128\" src=\"http:\/\/www.schoene-nachrichten.de\/wp-content\/uploads\/2007\/08\/070728_rallye_15.thumbnail.jpg\" alt=\"070728_rallye_15.jpg\" \/><\/a>\u00c2\u00a0<a rel=\"lightbox[roadtrip]\" target=\"_blank\" href=\"http:\/\/www.schoene-nachrichten.de\/wp-content\/uploads\/2007\/08\/070728_rallye_22.jpg\" title=\"Foto: Marco Hellwig\"><img decoding=\"async\" width=\"128\" src=\"http:\/\/www.schoene-nachrichten.de\/wp-content\/uploads\/2007\/08\/070728_rallye_22.thumbnail.jpg\" alt=\"070728_rallye_22.jpg\" \/><\/a> <a rel=\"lightbox[roadtrip]\" target=\"_blank\" href=\"http:\/\/www.schoene-nachrichten.de\/wp-content\/uploads\/2007\/08\/070728_rallye_23.jpg\" title=\"Foto: Marco Hellwig\"><img decoding=\"async\" width=\"128\" src=\"http:\/\/www.schoene-nachrichten.de\/wp-content\/uploads\/2007\/08\/070728_rallye_23.thumbnail.jpg\" alt=\"070728_rallye_23.jpg\" \/><\/a><\/p>\n<p>Das Endegebnis setzt sich wie folgt zusammen:<br \/>\n01. Koch\/Assmann, Opel Kadett, 24:15 Min.<br \/>\n02. Rausch\/Sch\u00e4fer, Opel Ascona, + 0:25<br \/>\n03. Schuhey\/Timmer, Opel Astra, + 0:54<br \/>\n04. Kiehm\/D\u00f6ring, Opel Kadett, + 1:20<br \/>\n05. Weber\/Vetter, Audi S 2, + 1:24<br \/>\n06. Jentsch\/Jentsch, Peugeot 205, + 1:26<br \/>\n07. M\u00fchl\/Altmann, Opel Kadett, + 1:34<br \/>\n08. Schmidtmeister\/Schmidtmeister, BMW 320 is, + 1:36<br \/>\n09. Meinzer\/Meier, Ford Sierra Cosworth, + 1:46<br \/>\n10. Altenheiner\/Knaack, Audi S 2, + 1:49<\/p>\n<p><a rel=\"lightbox[roadtrip]\" target=\"_blank\" href=\"http:\/\/www.schoene-nachrichten.de\/wp-content\/uploads\/2007\/08\/070728_rallye_16.jpg\" title=\"Foto: Marco Hellwig\"><img decoding=\"async\" width=\"128\" src=\"http:\/\/www.schoene-nachrichten.de\/wp-content\/uploads\/2007\/08\/070728_rallye_16.thumbnail.jpg\" alt=\"070728_rallye_16.jpg\" \/><\/a> <a rel=\"lightbox[roadtrip]\" target=\"_blank\" href=\"http:\/\/www.schoene-nachrichten.de\/wp-content\/uploads\/2007\/08\/070728_rallye_17.jpg\" title=\"Foto: Marco Hellwig\"><img decoding=\"async\" width=\"128\" src=\"http:\/\/www.schoene-nachrichten.de\/wp-content\/uploads\/2007\/08\/070728_rallye_17.thumbnail.jpg\" alt=\"070728_rallye_17.jpg\" \/><\/a> <a rel=\"lightbox[roadtrip]\" target=\"_blank\" href=\"http:\/\/www.schoene-nachrichten.de\/wp-content\/uploads\/2007\/08\/070728_rallye_18.jpg\" title=\"Foto: Marco Hellwig\"><img decoding=\"async\" width=\"128\" src=\"http:\/\/www.schoene-nachrichten.de\/wp-content\/uploads\/2007\/08\/070728_rallye_18.thumbnail.jpg\" alt=\"070728_rallye_18.jpg\" \/><\/a><\/p>\n<p>Weitere Infos finden Sie unter <a href=\"http:\/\/www.msc-waechtersbach.de\/\">www.msc-waechtersbach.de\/<\/a>.<\/p>\n","protected":false},"excerpt":{"rendered":"<div class=\"tmnf_excerpt\"><p>Motorsport in W\u00e4chtersbach. Am Samstag, dem 27. Juli, veranstaltete der MSC W\u00e4chtersbach seine zweite Rallye mit dem Rallyezentrum auf dem Messegel\u00e4nde in W\u00e4chtersbach. Bereits im vergangenen Jahr konnten die W\u00e4chtersbacher mit einer sehr gelungenen Auftaktveranstaltung den Terminplan der 200er L\u00e4ufe f\u00fcllen, was aber in diesem Jahr noch getoppt wurde. Fotos (24) und Videos (3): Denny &hellip;<\/p>\n<\/div>","protected":false},"author":1,"featured_media":0,"comment_status":"closed","ping_status":"closed","sticky":false,"template":"","format":"standard","meta":{"footnotes":""},"categories":[1,35,54,46],"tags":[],"class_list":["post-4551","post","type-post","status-publish","format-standard","hentry","category-startseite","category-auto","category-bildergalerien","category-sport"],"_links":{"self":[{"href":"https:\/\/www.fuldaernachrichten.de\/index.php?rest_route=\/wp\/v2\/posts\/4551","targetHints":{"allow":["GET"]}}],"collection":[{"href":"https:\/\/www.fuldaernachrichten.de\/index.php?rest_route=\/wp\/v2\/posts"}],"about":[{"href":"https:\/\/www.fuldaernachrichten.de\/index.php?rest_route=\/wp\/v2\/types\/post"}],"author":[{"embeddable":true,"href":"https:\/\/www.fuldaernachrichten.de\/index.php?rest_route=\/wp\/v2\/users\/1"}],"replies":[{"embeddable":true,"href":"https:\/\/www.fuldaernachrichten.de\/index.php?rest_route=%2Fwp%2Fv2%2Fcomments&post=4551"}],"version-history":[{"count":0,"href":"https:\/\/www.fuldaernachrichten.de\/index.php?rest_route=\/wp\/v2\/posts\/4551\/revisions"}],"wp:attachment":[{"href":"https:\/\/www.fuldaernachrichten.de\/index.php?rest_route=%2Fwp%2Fv2%2Fmedia&parent=4551"}],"wp:term":[{"taxonomy":"category","embeddable":true,"href":"https:\/\/www.fuldaernachrichten.de\/index.php?rest_route=%2Fwp%2Fv2%2Fcategories&post=4551"},{"taxonomy":"post_tag","embeddable":true,"href":"https:\/\/www.fuldaernachrichten.de\/index.php?rest_route=%2Fwp%2Fv2%2Ftags&post=4551"}],"curies":[{"name":"wp","href":"https:\/\/api.w.org\/{rel}","templated":true}]}}