{"id":45482,"date":"2009-11-29T06:06:52","date_gmt":"2009-11-29T05:06:52","guid":{"rendered":"http:\/\/www.schoene-nachrichten.de\/?p=45482"},"modified":"2009-11-29T09:07:19","modified_gmt":"2009-11-29T08:07:19","slug":"gesundheitsforum-hauttumoren-am-kopf-und-hals","status":"publish","type":"post","link":"https:\/\/www.fuldaernachrichten.de\/?p=45482","title":{"rendered":"Gesundheitsforum Hauttumoren am  Kopf und Hals"},"content":{"rendered":"<p><strong>Fulda. <\/strong>Im Rahmen der Gesundheitsforen des Klinikums Fulda findet am Mittwoch,\u00c2\u00a0 02.12.2009, von 17.00 bis 19.00 Uhr, eine H\u00f6rsaalveranstaltung zu dem Thema \u201eHauttumoren am Kopf und Hals\u201c statt. Tumoren der Kopf- und Halsregion stehen weltweit in der H\u00e4ufigkeit der Krebserkrankungen mit an oberster Stelle. Umso wichtiger ist es, diese Tumoren rechtzeitig zu erkennen. Die chirurgische Therapie steht hier im Vordergrund, plastische Rekonstruktionen sind danach h\u00e4ufig notwendig.<!--more--><\/p>\n<p>Im Rahmen der Informationsveranstaltung gehen die Experten der Klinik f\u00fcr Hals-Nasen-Ohrenkrankheiten zusammen mit haut\u00e4rztlichen Kollegen auf folgende Themen ein:<\/p>\n<p>\u00e2\u20ac\u00a2\u00c2\u00a0\u00c2\u00a0 \u00c2\u00a0Hauttumoren der Kopf-Hals-Region als interdisziplin\u00e4re Herausforderung<br \/>\nProf. Dr. Konrad Schwager, Direktor der Klinik f\u00fcr Hals-Nasen-Ohrenkrankheiten<\/p>\n<p>\u00e2\u20ac\u00a2\u00c2\u00a0\u00c2\u00a0 \u00c2\u00a0Der Hautarzt \u2013 prim\u00e4rer Ansprechpartner f\u00fcr Diagnostik und\u00c2\u00a0 Therapie von tumorartigen Hautver\u00e4nderungen<br \/>\nDr. Harald Kramer, niedergelassener Hautarzt, Fulda<\/p>\n<p>\u00e2\u20ac\u00a2\u00c2\u00a0\u00c2\u00a0 \u00c2\u00a0Der HNO-Chirurg: Entfernung von Hauttumoren an Kopf und Hals sowie die plastische Rekonstruktion<br \/>\nDr. med. Joachim Hendus, Leitender Oberarzt der Klinik f\u00fcr Hals-Nasen-Ohrenkrankheiten<\/p>\n<p>Im Anschluss an die Veranstaltung besteht ausreichend die M\u00f6glichkeit, individuelle Fragen an die Experten zu stellen. Die Anzahl der Sitzpl\u00e4tze im H\u00f6rsaal ist begrenzt. Einlass ab 16.30 Uhr.<\/p>\n","protected":false},"excerpt":{"rendered":"<div class=\"tmnf_excerpt\"><p>Fulda. Im Rahmen der Gesundheitsforen des Klinikums Fulda findet am Mittwoch,\u00c2\u00a0 02.12.2009, von 17.00 bis 19.00 Uhr, eine H\u00f6rsaalveranstaltung zu dem Thema \u201eHauttumoren am Kopf und Hals\u201c statt. Tumoren der Kopf- und Halsregion stehen weltweit in der H\u00e4ufigkeit der Krebserkrankungen mit an oberster Stelle. Umso wichtiger ist es, diese Tumoren rechtzeitig zu erkennen. Die chirurgische &hellip;<\/p>\n<\/div>","protected":false},"author":1,"featured_media":0,"comment_status":"closed","ping_status":"closed","sticky":false,"template":"","format":"standard","meta":{"footnotes":""},"categories":[1,51],"tags":[],"class_list":["post-45482","post","type-post","status-publish","format-standard","hentry","category-startseite","category-medizin"],"_links":{"self":[{"href":"https:\/\/www.fuldaernachrichten.de\/index.php?rest_route=\/wp\/v2\/posts\/45482","targetHints":{"allow":["GET"]}}],"collection":[{"href":"https:\/\/www.fuldaernachrichten.de\/index.php?rest_route=\/wp\/v2\/posts"}],"about":[{"href":"https:\/\/www.fuldaernachrichten.de\/index.php?rest_route=\/wp\/v2\/types\/post"}],"author":[{"embeddable":true,"href":"https:\/\/www.fuldaernachrichten.de\/index.php?rest_route=\/wp\/v2\/users\/1"}],"replies":[{"embeddable":true,"href":"https:\/\/www.fuldaernachrichten.de\/index.php?rest_route=%2Fwp%2Fv2%2Fcomments&post=45482"}],"version-history":[{"count":3,"href":"https:\/\/www.fuldaernachrichten.de\/index.php?rest_route=\/wp\/v2\/posts\/45482\/revisions"}],"predecessor-version":[{"id":46268,"href":"https:\/\/www.fuldaernachrichten.de\/index.php?rest_route=\/wp\/v2\/posts\/45482\/revisions\/46268"}],"wp:attachment":[{"href":"https:\/\/www.fuldaernachrichten.de\/index.php?rest_route=%2Fwp%2Fv2%2Fmedia&parent=45482"}],"wp:term":[{"taxonomy":"category","embeddable":true,"href":"https:\/\/www.fuldaernachrichten.de\/index.php?rest_route=%2Fwp%2Fv2%2Fcategories&post=45482"},{"taxonomy":"post_tag","embeddable":true,"href":"https:\/\/www.fuldaernachrichten.de\/index.php?rest_route=%2Fwp%2Fv2%2Ftags&post=45482"}],"curies":[{"name":"wp","href":"https:\/\/api.w.org\/{rel}","templated":true}]}}