{"id":4539,"date":"2007-08-07T00:15:42","date_gmt":"2007-08-06T22:15:42","guid":{"rendered":"http:\/\/www.schoene-nachrichten.de\/?p=4539"},"modified":"2007-08-07T00:16:21","modified_gmt":"2007-08-06T22:16:21","slug":"tag-der-offenen-tuer-im-rapsoel-blockheizkraftwerk","status":"publish","type":"post","link":"https:\/\/www.fuldaernachrichten.de\/?p=4539","title":{"rendered":"Tag der offenen T\u00fcr im Raps\u00f6l-Blockheizkraftwerk"},"content":{"rendered":"<p><strong>Termin.<\/strong> Mit einem Tag der offenen T\u00fcr feiert die SynEnergie GmbH am Samstag, 11. August 2007, die Auszeichnung ihres Raps\u00f6l-Blockheizkraftwerks (BHKW) auf der Wasserkuppe als einen \u201eOrt im Land der Ideen im Jahr 2007\u201c durch die Initiative \u201eDeutschland \u2013 Land der Ideen\u201c der Bundesregierung und zahlreicher deutscher Gro\u00dfunternehmen. Besucher k\u00f6nnen an diesem Tag bei F\u00fchrungen einen Blick hinter die Kulissen der au\u00dfergew\u00f6hnlichen Kraftwerks-Anlage werfen und sich \u00fcber die Raps\u00f6l-Herstellung informieren.<!--more--><\/p>\n<p>Der Tag der offenen T\u00fcr beginnt um 11:00 Uhr mit der Urkunden\u00fcbergabe und der offiziellen Auszeichnung des Raps\u00f6l-BHKW als \u201eOrt im Land der Ideen 2007\u201c. Zu den Gratulanten in Hessens h\u00f6chstgelegenem Kraftwerk geh\u00f6ren an diesem Tag der Hessische Umweltminister Wilhelm Dietzel und Landrat Bernd Woide, die jeweils ein kurzes Gru\u00dfwort an Besucher und G\u00e4ste richten werden. Als Repr\u00e4sentant der Initiative \u201eDeutschland \u2013 Land der Ideen\u201c \u00fcberreicht Dirk Schmitt, Leiter des Investment &amp; FinanzCenters der Deutschen Bank Fulda, Urkunde und Pokal an die Gesch\u00e4ftsf\u00fchrung der SynEnergie GmbH.<\/p>\n<p>Das Raps\u00f6l-BHKW gewinnt auf umweltfreundliche Art Energie aus Pflanzen\u00f6l: Der Raps wird im Biosph\u00e4renreservat Rh\u00f6n angebaut und von der ARGE Natur\u00f6lm\u00fchle GmbH in Eiterfeld-Gro\u00dfentaft kalt gepresst. Das Kraftwerk der SynEnergie GmbH auf Hessens h\u00f6chstem Berg, der 950 Meter hohen Wasserkuppe, erzeugt aus dem heimischen Rohstoff Strom und W\u00e4rme. Mit diesem Konzept ist die Anlage einer von 365 Orten, die 2007 von der Initiative \u201eDeutschland \u2013 Land der Ideen\u201c als besonders zukunftsweisend und ideenreich ausgezeichnet werden. Schirmherr des Wettbewerbs ist Bundespr\u00e4sident Horst K\u00f6hler.<\/p>\n<p>Im Anschluss an die Preisverleihung k\u00f6nnen sich die Besucher am Tag der offenen T\u00fcr zwischen ca. 12:00 und 17:00 Uhr bei gef\u00fchrten Rundg\u00e4ngen und an Info-St\u00e4nden \u00fcber die au\u00dfergew\u00f6hnliche Kraftwerkstechnik der SynEnergie-Anlage auf der Wasserkuppe informieren. F\u00fcr die jungen G\u00e4ste gibt es lustige Attraktionen, die musikalische Umrahmung des Tages \u00fcbernimmt die Stadtkapelle Gersfeld, und nat\u00fcrlich ist am Tag der offenen T\u00fcr auch f\u00fcr das leibliche Wohl der G\u00e4ste gesorgt.<\/p>\n<p>Das Raps\u00f6l-Blockheizkraftwerk der SynEnergie GmbH liegt auf dem Wasserkuppen-Plateau in der N\u00e4he der Radom-Kuppel und ist \u00fcber einen beschilderten Fu\u00dfweg von den Parkpl\u00e4tzen auf der Wasserkuppe in wenigen Minuten zu erreichen.<\/p>\n","protected":false},"excerpt":{"rendered":"<div class=\"tmnf_excerpt\"><p>Termin. Mit einem Tag der offenen T\u00fcr feiert die SynEnergie GmbH am Samstag, 11. August 2007, die Auszeichnung ihres Raps\u00f6l-Blockheizkraftwerks (BHKW) auf der Wasserkuppe als einen \u201eOrt im Land der Ideen im Jahr 2007\u201c durch die Initiative \u201eDeutschland \u2013 Land der Ideen\u201c der Bundesregierung und zahlreicher deutscher Gro\u00dfunternehmen. Besucher k\u00f6nnen an diesem Tag bei F\u00fchrungen &hellip;<\/p>\n<\/div>","protected":false},"author":1,"featured_media":0,"comment_status":"closed","ping_status":"closed","sticky":false,"template":"","format":"standard","meta":{"footnotes":""},"categories":[1,52],"tags":[],"class_list":["post-4539","post","type-post","status-publish","format-standard","hentry","category-startseite","category-umwelt"],"_links":{"self":[{"href":"https:\/\/www.fuldaernachrichten.de\/index.php?rest_route=\/wp\/v2\/posts\/4539","targetHints":{"allow":["GET"]}}],"collection":[{"href":"https:\/\/www.fuldaernachrichten.de\/index.php?rest_route=\/wp\/v2\/posts"}],"about":[{"href":"https:\/\/www.fuldaernachrichten.de\/index.php?rest_route=\/wp\/v2\/types\/post"}],"author":[{"embeddable":true,"href":"https:\/\/www.fuldaernachrichten.de\/index.php?rest_route=\/wp\/v2\/users\/1"}],"replies":[{"embeddable":true,"href":"https:\/\/www.fuldaernachrichten.de\/index.php?rest_route=%2Fwp%2Fv2%2Fcomments&post=4539"}],"version-history":[{"count":0,"href":"https:\/\/www.fuldaernachrichten.de\/index.php?rest_route=\/wp\/v2\/posts\/4539\/revisions"}],"wp:attachment":[{"href":"https:\/\/www.fuldaernachrichten.de\/index.php?rest_route=%2Fwp%2Fv2%2Fmedia&parent=4539"}],"wp:term":[{"taxonomy":"category","embeddable":true,"href":"https:\/\/www.fuldaernachrichten.de\/index.php?rest_route=%2Fwp%2Fv2%2Fcategories&post=4539"},{"taxonomy":"post_tag","embeddable":true,"href":"https:\/\/www.fuldaernachrichten.de\/index.php?rest_route=%2Fwp%2Fv2%2Ftags&post=4539"}],"curies":[{"name":"wp","href":"https:\/\/api.w.org\/{rel}","templated":true}]}}