{"id":4517,"date":"2007-08-04T01:31:33","date_gmt":"2007-08-03T23:31:33","guid":{"rendered":"http:\/\/www.schoene-nachrichten.de\/?p=4517"},"modified":"2007-08-08T00:13:12","modified_gmt":"2007-08-07T22:13:12","slug":"heilige-des-tages-heute-johannes-maria-baptist-viannay","status":"publish","type":"post","link":"https:\/\/www.fuldaernachrichten.de\/?p=4517","title":{"rendered":"\u201cHeilige des Tages\u00e2\u20ac\u009d &#8211; heute: Johannes-Maria Baptist Viannay"},"content":{"rendered":"<p><strong><img decoding=\"async\" align=\"left\" src=\"http:\/\/www.schoene-nachrichten.de\/wp-content\/uploads\/2007\/07\/070704_bistum1.jpg\" hspace=\"5\" alt=\"070704_bistum1.jpg\" \/>Serie.<\/strong>\u00c2\u00a0Heute ist der Gedenktag des Johannes-Maria Baptist Viannay\u00c2\u00a0 &#8211; Der Heilige Pfarrer von Ars. Er wurde 1786 als\u00c2\u00a0viertes von\u00c2\u00a0sechs Kindern einer armen Bauernfamilie geboren. Zur Zeit der Franz\u00f6sischen Revolution war es schwierig, sich zur Religion zu bekennen. Mit 19 Jahren versp\u00fcrte er die Berufung Priester zu werden und unter m\u00fchsamen Bedingungen dr\u00fcckte er die Schulbank. Zwischendurch mu\u00dfte er zum Milit\u00e4rdienst \u2013 von dem er desertierte \u2013 um sp\u00e4ter sein Priesterstudium fortzusetzen.<\/p>\n<p><strong>Video ansehen mit:<\/strong> <a target=\"_blank\" href=\"http:\/\/www.schoene-nachrichten.de\/wp-content\/uploads\/2007\/08\/070804_Bistum.wmv\">Windows Media Player<\/a> oder <a target=\"_blank\" href=\"http:\/\/www.schoene-nachrichten.de\/Video\/070804_Bistum.rmvb\">Real Media Player<\/a><\/p>\n<p><!--more-->Seine enorme Fr\u00f6mmigkeit und die liebevolle Unterst\u00fctzung eines Lehrers erm\u00f6glichten ihm im Alter von ca. 30 Jahren die Priesterweihe. Als Kaplan wurde er in eine entchristlichte und desolate Gemeinde geschickt. Durch seine moralischen Predigten, Beichte h\u00f6ren und Katechese entwickelte sich die kleine Gemeinde zum Pilgerort.<\/p>\n<p>Sein Geheimnis die Menschen zu bewegen lag in der Einfachheit und seinem asketischen Leben.<\/p>\n<p>Zu Hunderten kamen sie zu ihm, um die Sakramente zu empfangen. In Anerkennung seines Wirkens erhielt er das Kreuz der Ehrenlegion \u2013 das er in einer Schublade versteckte. Er wurde zum Ehrendomherrn ernannt \u2013 verkaufte aber den Domherrenmantel, um f\u00fcr dieses Geld Armen in Not zu helfen.<\/p>\n<p>Wohlt\u00e4tige Frauen \u00fcberlie\u00dfen ihm viel Geld \u2013 womit er begabte Kinder studieren lie\u00df, Bettler kleidete und Bed\u00fcrftigen half. Bis zum Tode arbeitete er 20 Stunden am Tag und sein Gottvertrauen und Flei\u00df lie\u00dfen ihn die Ernte seines Tagewerks noch erleben. Am 4. August 1859 starb er und wurde 1925 heilig gesprochen. Er wird als Patron aller Weltgeistlichen\u00c2\u00a0 verehrt.<\/p>\n<p><img decoding=\"async\" src=\"http:\/\/www.schoene-nachrichten.de\/wp-content\/uploads\/2007\/02\/x_sponsor.gif\" alt=\"x_sponsor.gif\" \/>[local \/wp-content\/uploads\/2007\/08\/070804_Bistum.wmv]<\/p>\n","protected":false},"excerpt":{"rendered":"<div class=\"tmnf_excerpt\"><p>Serie.\u00c2\u00a0Heute ist der Gedenktag des Johannes-Maria Baptist Viannay\u00c2\u00a0 &#8211; Der Heilige Pfarrer von Ars. Er wurde 1786 als\u00c2\u00a0viertes von\u00c2\u00a0sechs Kindern einer armen Bauernfamilie geboren. Zur Zeit der Franz\u00f6sischen Revolution war es schwierig, sich zur Religion zu bekennen. Mit 19 Jahren versp\u00fcrte er die Berufung Priester zu werden und unter m\u00fchsamen Bedingungen dr\u00fcckte er die Schulbank. &hellip;<\/p>\n<\/div>","protected":false},"author":1,"featured_media":0,"comment_status":"closed","ping_status":"closed","sticky":false,"template":"","format":"standard","meta":{"footnotes":""},"categories":[1,50],"tags":[],"class_list":["post-4517","post","type-post","status-publish","format-standard","hentry","category-startseite","category-kirche"],"_links":{"self":[{"href":"https:\/\/www.fuldaernachrichten.de\/index.php?rest_route=\/wp\/v2\/posts\/4517","targetHints":{"allow":["GET"]}}],"collection":[{"href":"https:\/\/www.fuldaernachrichten.de\/index.php?rest_route=\/wp\/v2\/posts"}],"about":[{"href":"https:\/\/www.fuldaernachrichten.de\/index.php?rest_route=\/wp\/v2\/types\/post"}],"author":[{"embeddable":true,"href":"https:\/\/www.fuldaernachrichten.de\/index.php?rest_route=\/wp\/v2\/users\/1"}],"replies":[{"embeddable":true,"href":"https:\/\/www.fuldaernachrichten.de\/index.php?rest_route=%2Fwp%2Fv2%2Fcomments&post=4517"}],"version-history":[{"count":0,"href":"https:\/\/www.fuldaernachrichten.de\/index.php?rest_route=\/wp\/v2\/posts\/4517\/revisions"}],"wp:attachment":[{"href":"https:\/\/www.fuldaernachrichten.de\/index.php?rest_route=%2Fwp%2Fv2%2Fmedia&parent=4517"}],"wp:term":[{"taxonomy":"category","embeddable":true,"href":"https:\/\/www.fuldaernachrichten.de\/index.php?rest_route=%2Fwp%2Fv2%2Fcategories&post=4517"},{"taxonomy":"post_tag","embeddable":true,"href":"https:\/\/www.fuldaernachrichten.de\/index.php?rest_route=%2Fwp%2Fv2%2Ftags&post=4517"}],"curies":[{"name":"wp","href":"https:\/\/api.w.org\/{rel}","templated":true}]}}