{"id":45038,"date":"2009-11-16T10:14:27","date_gmt":"2009-11-16T09:14:27","guid":{"rendered":"http:\/\/www.schoene-nachrichten.de\/?p=45038"},"modified":"2009-11-17T09:00:46","modified_gmt":"2009-11-17T08:00:46","slug":"gewinner-des-1-uewag-schnellschachturniers-stehen-fest-49-hobby-und-vereinsschachspieler-traten-im-kundenzentrum-an","status":"publish","type":"post","link":"https:\/\/www.fuldaernachrichten.de\/?p=45038","title":{"rendered":"Gewinner des 1. \u00dcWAG-Schnellschachturniers stehen fest &#8211; 49 Hobby- und Vereinsschachspieler traten im Kundenzentrum an"},"content":{"rendered":"<p><a title=\"Foto: Max Colin Heydenreich\" rel=\"lightbox[roadtrip]\" href=\"..\/wp-content\/uploads\/2009\/11\/091116_Uewag_020.jpg\" target=\"_blank\"><img decoding=\"async\" src=\"..\/wp-content\/uploads\/2009\/11\/091116_Uewag_020.jpg\" alt=\"091116_Uewag_020.jpg\" width=\"560\" \/><\/a><\/p>\n<p><strong>Fulda. <\/strong>Spannung herrschte am Samstag im \u00dcWAG-Kundenzentrum: Beim 1. \u00dcWAG-Schnellschachturnier traten 49 Hobby- und Vereinsschachspieler an und bewiesen Spielstrategie und Reaktionsf\u00e4higkeit. Das Publikum beobachtete gespannt, wie die Spieler in Windeseile Zug um Zug taten, um als Sieger hervorzugehen. Am Ende belegte in der Kategorie Hobbyschachspieler Mark Elsen aus Flieden den ersten Platz, Thomas Kracklauer aus Fulda kam auf den zweiten und Ergin Celikkol, ebenfalls aus Fulda, auf den dritten Platz.<\/p>\n<p><strong>Fotos (38):<\/strong> Max Colin Heydenreich<\/p>\n<p><a title=\"Foto: Max Colin Heydenreich\" rel=\"lightbox[roadtrip]\" href=\"..\/wp-content\/uploads\/2009\/11\/091116_Uewag_001.jpg\" target=\"_blank\"><img decoding=\"async\" src=\"..\/wp-content\/uploads\/2009\/11\/091116_Uewag_001.thumbnail.jpg\" alt=\"091116_Uewag_001.jpg\" width=\"265\" \/><\/a> <a title=\"Foto: Max Colin Heydenreich\" rel=\"lightbox[roadtrip]\" href=\"..\/wp-content\/uploads\/2009\/11\/091116_Uewag_002.jpg\" target=\"_blank\"><img decoding=\"async\" src=\"..\/wp-content\/uploads\/2009\/11\/091116_Uewag_002.thumbnail.jpg\" alt=\"091116_Uewag_002.jpg\" width=\"265\" \/><\/a><\/p>\n<p><a title=\"Foto: Max Colin Heydenreich\" rel=\"lightbox[roadtrip]\" href=\"..\/wp-content\/uploads\/2009\/11\/091116_Uewag_035.jpg\" target=\"_blank\"><img decoding=\"async\" src=\"..\/wp-content\/uploads\/2009\/11\/091116_Uewag_035.thumbnail.jpg\" alt=\"091116_Uewag_035.jpg\" width=\"265\" \/><\/a> <a title=\"Foto: Max Colin Heydenreich\" rel=\"lightbox[roadtrip]\" href=\"..\/wp-content\/uploads\/2009\/11\/091116_Uewag_036.jpg\" target=\"_blank\"><img decoding=\"async\" src=\"..\/wp-content\/uploads\/2009\/11\/091116_Uewag_036.thumbnail.jpg\" alt=\"091116_Uewag_036.jpg\" width=\"265\" \/><\/a><\/p>\n<p><!--more--><\/p>\n<p>Bei den Vereinsschachspielern holte sich Martin Kersting vom Schachclub Fulda e. V. den Sieg, gefolgt von seinen Vereinskollegen Rolf Huss und Matthias Kierzek. Die gl\u00fccklichen Gewinner erhielten neben Urkunden wertvolle \u00dcWAG-Gratisstromkontingente. Au\u00dferdem konnten sich in beiden Kategorien die Gewinner auf den Pl\u00e4tzen vier bis zehn \u00fcber attraktive Sachpreise freuen.<\/p>\n<p><a title=\"Foto: Max Colin Heydenreich\" rel=\"lightbox[roadtrip]\" href=\"http:\/\/www.schoene-nachrichten.de\/wp-content\/uploads\/2009\/11\/091116_Uewag_023.jpg\" target=\"_blank\"><img decoding=\"async\" src=\"http:\/\/www.schoene-nachrichten.de\/wp-content\/uploads\/2009\/11\/091116_Uewag_023.thumbnail.jpg\" alt=\"091116_Uewag_023.jpg\" width=\"265\" \/><\/a> <a title=\"Foto: Max Colin Heydenreich\" rel=\"lightbox[roadtrip]\" href=\"http:\/\/www.schoene-nachrichten.de\/wp-content\/uploads\/2009\/11\/091116_Uewag_024.jpg\" target=\"_blank\"><img decoding=\"async\" src=\"http:\/\/www.schoene-nachrichten.de\/wp-content\/uploads\/2009\/11\/091116_Uewag_024.thumbnail.jpg\" alt=\"091116_Uewag_024.jpg\" width=\"265\" \/><\/a><\/p>\n<p><a title=\"Foto: Max Colin Heydenreich\" rel=\"lightbox[roadtrip]\" href=\"http:\/\/www.schoene-nachrichten.de\/wp-content\/uploads\/2009\/11\/091116_Uewag_025.jpg\" target=\"_blank\"><img decoding=\"async\" src=\"http:\/\/www.schoene-nachrichten.de\/wp-content\/uploads\/2009\/11\/091116_Uewag_025.thumbnail.jpg\" alt=\"091116_Uewag_025.jpg\" width=\"265\" \/><\/a> <a title=\"Foto: Max Colin Heydenreich\" rel=\"lightbox[roadtrip]\" href=\"http:\/\/www.schoene-nachrichten.de\/wp-content\/uploads\/2009\/11\/091116_Uewag_026.jpg\" target=\"_blank\"><img decoding=\"async\" src=\"http:\/\/www.schoene-nachrichten.de\/wp-content\/uploads\/2009\/11\/091116_Uewag_026.thumbnail.jpg\" alt=\"091116_Uewag_026.jpg\" width=\"265\" \/><\/a><\/p>\n<p>Rund f\u00fcnf Stunden dauerte das 1. \u00dcWAG-Schnellschachturnier, mit dem der f\u00fchrende osthessische Energieversorger seinen Beitrag dazu geleistet hat, f\u00fcr den Schachsport zu werben und Hobby- und Vereinsschachspieler aus der Region zusammenzubringen. Tatkr\u00e4ftig unterst\u00fctzt wurde die \u00dcWAG dabei vom Schachclub Fulda e. V., dem Schachclub Langenbieber e. V. sowie dem passionierten Schachspieler Holger Gordziel.<\/p>\n<p><a title=\"Foto: Max Colin Heydenreich\" rel=\"lightbox[roadtrip]\" href=\"..\/wp-content\/uploads\/2009\/11\/091116_Uewag_009.jpg\" target=\"_blank\"><img decoding=\"async\" src=\"..\/wp-content\/uploads\/2009\/11\/091116_Uewag_009.thumbnail.jpg\" alt=\"091116_Uewag_009.jpg\" width=\"265\" \/><\/a> <a title=\"Foto: Max Colin Heydenreich\" rel=\"lightbox[roadtrip]\" href=\"..\/wp-content\/uploads\/2009\/11\/091116_Uewag_010.jpg\" target=\"_blank\"><img decoding=\"async\" src=\"..\/wp-content\/uploads\/2009\/11\/091116_Uewag_010.thumbnail.jpg\" alt=\"091116_Uewag_010.jpg\" width=\"265\" \/><\/a><\/p>\n<p>Nach der kurzen Begr\u00fc\u00dfung der G\u00e4ste durch die \u00dcWAG gab Spielleiter Gerald Knacker vom Schachclub Langenbieber e. V. eine Einf\u00fchrung in den Turnierablauf. Danach bewiesen die Hobby- und Vereinsschachspieler ihr K\u00f6nnen. Besucher im \u00dcWAG-Kundenzentrum verfolgten mit Spannung die Partien zwischen den 28 Vereins- und 21 Hobbyschachspielern im Alter zwischen 6 und 78 Jahren, darunter zwei M\u00e4dchen.<\/p>\n<p><a title=\"Foto: Max Colin Heydenreich\" rel=\"lightbox[roadtrip]\" href=\"http:\/\/www.schoene-nachrichten.de\/wp-content\/uploads\/2009\/11\/091116_Uewag_021.jpg\" target=\"_blank\"><img decoding=\"async\" src=\"http:\/\/www.schoene-nachrichten.de\/wp-content\/uploads\/2009\/11\/091116_Uewag_021.thumbnail.jpg\" alt=\"091116_Uewag_021.jpg\" width=\"265\" \/><\/a> <a title=\"Foto: Max Colin Heydenreich\" rel=\"lightbox[roadtrip]\" href=\"http:\/\/www.schoene-nachrichten.de\/wp-content\/uploads\/2009\/11\/091116_Uewag_022.jpg\" target=\"_blank\"><img decoding=\"async\" src=\"http:\/\/www.schoene-nachrichten.de\/wp-content\/uploads\/2009\/11\/091116_Uewag_022.thumbnail.jpg\" alt=\"091116_Uewag_022.jpg\" width=\"265\" \/><\/a><\/p>\n<p><a title=\"Foto: Max Colin Heydenreich\" rel=\"lightbox[roadtrip]\" href=\"http:\/\/www.schoene-nachrichten.de\/wp-content\/uploads\/2009\/11\/091116_Uewag_027.jpg\" target=\"_blank\"><img decoding=\"async\" src=\"http:\/\/www.schoene-nachrichten.de\/wp-content\/uploads\/2009\/11\/091116_Uewag_027.thumbnail.jpg\" alt=\"091116_Uewag_027.jpg\" width=\"265\" \/><\/a> <a title=\"Foto: Max Colin Heydenreich\" rel=\"lightbox[roadtrip]\" href=\"http:\/\/www.schoene-nachrichten.de\/wp-content\/uploads\/2009\/11\/091116_Uewag_028.jpg\" target=\"_blank\"><img decoding=\"async\" src=\"http:\/\/www.schoene-nachrichten.de\/wp-content\/uploads\/2009\/11\/091116_Uewag_028.thumbnail.jpg\" alt=\"091116_Uewag_028.jpg\" width=\"265\" \/><\/a><\/p>\n<p>W\u00e4hrend des gesamten Schachturniers konnten sich Interessierte zudem im \u00dcWAG-Kundenzentrum \u00fcber den Schachsport informieren. Die beteiligten Vereine gaben anhand von Schautafeln Einblicke in ihre Vereinsarbeit und stellten ausgew\u00e4hlte Schachbretter aus.<\/p>\n<p><a title=\"Foto: Max Colin Heydenreich\" rel=\"lightbox[roadtrip]\" href=\"http:\/\/www.schoene-nachrichten.de\/wp-content\/uploads\/2009\/11\/091116_Uewag_003.jpg\" target=\"_blank\"><img decoding=\"async\" src=\"http:\/\/www.schoene-nachrichten.de\/wp-content\/uploads\/2009\/11\/091116_Uewag_003.thumbnail.jpg\" alt=\"091116_Uewag_003.jpg\" width=\"265\" \/><\/a> <a title=\"Foto: Max Colin Heydenreich\" rel=\"lightbox[roadtrip]\" href=\"http:\/\/www.schoene-nachrichten.de\/wp-content\/uploads\/2009\/11\/091116_Uewag_004.jpg\" target=\"_blank\"><img decoding=\"async\" src=\"http:\/\/www.schoene-nachrichten.de\/wp-content\/uploads\/2009\/11\/091116_Uewag_004.thumbnail.jpg\" alt=\"091116_Uewag_004.jpg\" width=\"265\" \/><\/a><\/p>\n<p><a title=\"Foto: Max Colin Heydenreich\" rel=\"lightbox[roadtrip]\" href=\"http:\/\/www.schoene-nachrichten.de\/wp-content\/uploads\/2009\/11\/091116_Uewag_005.jpg\" target=\"_blank\"><img decoding=\"async\" src=\"http:\/\/www.schoene-nachrichten.de\/wp-content\/uploads\/2009\/11\/091116_Uewag_005.thumbnail.jpg\" alt=\"091116_Uewag_005.jpg\" width=\"265\" \/><\/a> <a title=\"Foto: Max Colin Heydenreich\" rel=\"lightbox[roadtrip]\" href=\"http:\/\/www.schoene-nachrichten.de\/wp-content\/uploads\/2009\/11\/091116_Uewag_006.jpg\" target=\"_blank\"><img decoding=\"async\" src=\"http:\/\/www.schoene-nachrichten.de\/wp-content\/uploads\/2009\/11\/091116_Uewag_006.thumbnail.jpg\" alt=\"091116_Uewag_006.jpg\" width=\"265\" \/><\/a><\/p>\n<p><a title=\"Foto: Max Colin Heydenreich\" rel=\"lightbox[roadtrip]\" href=\"http:\/\/www.schoene-nachrichten.de\/wp-content\/uploads\/2009\/11\/091116_Uewag_007.jpg\" target=\"_blank\"><img decoding=\"async\" src=\"http:\/\/www.schoene-nachrichten.de\/wp-content\/uploads\/2009\/11\/091116_Uewag_007.thumbnail.jpg\" alt=\"091116_Uewag_007.jpg\" width=\"265\" \/><\/a> <a title=\"Foto: Max Colin Heydenreich\" rel=\"lightbox[roadtrip]\" href=\"http:\/\/www.schoene-nachrichten.de\/wp-content\/uploads\/2009\/11\/091116_Uewag_008.jpg\" target=\"_blank\"><img decoding=\"async\" src=\"http:\/\/www.schoene-nachrichten.de\/wp-content\/uploads\/2009\/11\/091116_Uewag_008.thumbnail.jpg\" alt=\"091116_Uewag_008.jpg\" width=\"265\" \/><\/a><\/p>\n<p><a title=\"Foto: Max Colin Heydenreich\" rel=\"lightbox[roadtrip]\" href=\"http:\/\/www.schoene-nachrichten.de\/wp-content\/uploads\/2009\/11\/091116_Uewag_011.jpg\" target=\"_blank\"><img decoding=\"async\" src=\"http:\/\/www.schoene-nachrichten.de\/wp-content\/uploads\/2009\/11\/091116_Uewag_011.thumbnail.jpg\" alt=\"091116_Uewag_011.jpg\" width=\"265\" \/><\/a> <a title=\"Foto: Max Colin Heydenreich\" rel=\"lightbox[roadtrip]\" href=\"http:\/\/www.schoene-nachrichten.de\/wp-content\/uploads\/2009\/11\/091116_Uewag_012.jpg\" target=\"_blank\"><img decoding=\"async\" src=\"http:\/\/www.schoene-nachrichten.de\/wp-content\/uploads\/2009\/11\/091116_Uewag_012.thumbnail.jpg\" alt=\"091116_Uewag_012.jpg\" width=\"265\" \/><\/a><\/p>\n<p><a title=\"Foto: Max Colin Heydenreich\" rel=\"lightbox[roadtrip]\" href=\"http:\/\/www.schoene-nachrichten.de\/wp-content\/uploads\/2009\/11\/091116_Uewag_013.jpg\" target=\"_blank\"><img decoding=\"async\" src=\"http:\/\/www.schoene-nachrichten.de\/wp-content\/uploads\/2009\/11\/091116_Uewag_013.thumbnail.jpg\" alt=\"091116_Uewag_013.jpg\" width=\"265\" \/><\/a> <a title=\"Foto: Max Colin Heydenreich\" rel=\"lightbox[roadtrip]\" href=\"http:\/\/www.schoene-nachrichten.de\/wp-content\/uploads\/2009\/11\/091116_Uewag_014.jpg\" target=\"_blank\"><img decoding=\"async\" src=\"http:\/\/www.schoene-nachrichten.de\/wp-content\/uploads\/2009\/11\/091116_Uewag_014.thumbnail.jpg\" alt=\"091116_Uewag_014.jpg\" width=\"265\" \/><\/a><\/p>\n<p><a title=\"Foto: Max Colin Heydenreich\" rel=\"lightbox[roadtrip]\" href=\"http:\/\/www.schoene-nachrichten.de\/wp-content\/uploads\/2009\/11\/091116_Uewag_015.jpg\" target=\"_blank\"><img decoding=\"async\" src=\"http:\/\/www.schoene-nachrichten.de\/wp-content\/uploads\/2009\/11\/091116_Uewag_015.thumbnail.jpg\" alt=\"091116_Uewag_015.jpg\" width=\"265\" \/><\/a> <a title=\"Foto: Max Colin Heydenreich\" rel=\"lightbox[roadtrip]\" href=\"http:\/\/www.schoene-nachrichten.de\/wp-content\/uploads\/2009\/11\/091116_Uewag_016.jpg\" target=\"_blank\"><img decoding=\"async\" src=\"http:\/\/www.schoene-nachrichten.de\/wp-content\/uploads\/2009\/11\/091116_Uewag_016.thumbnail.jpg\" alt=\"091116_Uewag_016.jpg\" width=\"265\" \/><\/a><\/p>\n<p><a title=\"Foto: Max Colin Heydenreich\" rel=\"lightbox[roadtrip]\" href=\"http:\/\/www.schoene-nachrichten.de\/wp-content\/uploads\/2009\/11\/091116_Uewag_017.jpg\" target=\"_blank\"><img decoding=\"async\" src=\"http:\/\/www.schoene-nachrichten.de\/wp-content\/uploads\/2009\/11\/091116_Uewag_017.thumbnail.jpg\" alt=\"091116_Uewag_017.jpg\" width=\"265\" \/><\/a> <a title=\"Foto: Max Colin Heydenreich\" rel=\"lightbox[roadtrip]\" href=\"http:\/\/www.schoene-nachrichten.de\/wp-content\/uploads\/2009\/11\/091116_Uewag_018.jpg\" target=\"_blank\"><img decoding=\"async\" src=\"http:\/\/www.schoene-nachrichten.de\/wp-content\/uploads\/2009\/11\/091116_Uewag_018.thumbnail.jpg\" alt=\"091116_Uewag_018.jpg\" width=\"265\" \/><\/a><\/p>\n<p><a title=\"Foto: Max Colin Heydenreich\" rel=\"lightbox[roadtrip]\" href=\"http:\/\/www.schoene-nachrichten.de\/wp-content\/uploads\/2009\/11\/091116_Uewag_019.jpg\" target=\"_blank\"><img decoding=\"async\" src=\"http:\/\/www.schoene-nachrichten.de\/wp-content\/uploads\/2009\/11\/091116_Uewag_019.thumbnail.jpg\" alt=\"091116_Uewag_019.jpg\" width=\"265\" \/><\/a> <a title=\"Foto: Max Colin Heydenreich\" rel=\"lightbox[roadtrip]\" href=\"http:\/\/www.schoene-nachrichten.de\/wp-content\/uploads\/2009\/11\/091116_Uewag_020.jpg\" target=\"_blank\"><img decoding=\"async\" src=\"http:\/\/www.schoene-nachrichten.de\/wp-content\/uploads\/2009\/11\/091116_Uewag_020.thumbnail.jpg\" alt=\"091116_Uewag_020.jpg\" width=\"265\" \/><\/a><\/p>\n<p><a title=\"Foto: Max Colin Heydenreich\" rel=\"lightbox[roadtrip]\" href=\"http:\/\/www.schoene-nachrichten.de\/wp-content\/uploads\/2009\/11\/091116_Uewag_029.jpg\" target=\"_blank\"><img decoding=\"async\" src=\"http:\/\/www.schoene-nachrichten.de\/wp-content\/uploads\/2009\/11\/091116_Uewag_029.thumbnail.jpg\" alt=\"091116_Uewag_029.jpg\" width=\"265\" \/><\/a> <a title=\"Foto: Max Colin Heydenreich\" rel=\"lightbox[roadtrip]\" href=\"http:\/\/www.schoene-nachrichten.de\/wp-content\/uploads\/2009\/11\/091116_Uewag_030.jpg\" target=\"_blank\"><img decoding=\"async\" src=\"http:\/\/www.schoene-nachrichten.de\/wp-content\/uploads\/2009\/11\/091116_Uewag_030.thumbnail.jpg\" alt=\"091116_Uewag_030.jpg\" width=\"265\" \/><\/a><\/p>\n<p><a title=\"Foto: Max Colin Heydenreich\" rel=\"lightbox[roadtrip]\" href=\"http:\/\/www.schoene-nachrichten.de\/wp-content\/uploads\/2009\/11\/091116_Uewag_031.jpg\" target=\"_blank\"><img decoding=\"async\" src=\"http:\/\/www.schoene-nachrichten.de\/wp-content\/uploads\/2009\/11\/091116_Uewag_031.thumbnail.jpg\" alt=\"091116_Uewag_031.jpg\" width=\"265\" \/><\/a> <a title=\"Foto: Max Colin Heydenreich\" rel=\"lightbox[roadtrip]\" href=\"http:\/\/www.schoene-nachrichten.de\/wp-content\/uploads\/2009\/11\/091116_Uewag_032.jpg\" target=\"_blank\"><img decoding=\"async\" src=\"http:\/\/www.schoene-nachrichten.de\/wp-content\/uploads\/2009\/11\/091116_Uewag_032.thumbnail.jpg\" alt=\"091116_Uewag_032.jpg\" width=\"265\" \/><\/a><\/p>\n<p><a title=\"Foto: Max Colin Heydenreich\" rel=\"lightbox[roadtrip]\" href=\"http:\/\/www.schoene-nachrichten.de\/wp-content\/uploads\/2009\/11\/091116_Uewag_033.jpg\" target=\"_blank\"><img decoding=\"async\" src=\"http:\/\/www.schoene-nachrichten.de\/wp-content\/uploads\/2009\/11\/091116_Uewag_033.thumbnail.jpg\" alt=\"091116_Uewag_033.jpg\" width=\"265\" \/><\/a> <a title=\"Foto: Max Colin Heydenreich\" rel=\"lightbox[roadtrip]\" href=\"http:\/\/www.schoene-nachrichten.de\/wp-content\/uploads\/2009\/11\/091116_Uewag_034.jpg\" target=\"_blank\"><img decoding=\"async\" src=\"http:\/\/www.schoene-nachrichten.de\/wp-content\/uploads\/2009\/11\/091116_Uewag_034.thumbnail.jpg\" alt=\"091116_Uewag_034.jpg\" width=\"265\" \/><\/a><\/p>\n<p><a title=\"Foto: Max Colin Heydenreich\" rel=\"lightbox[roadtrip]\" href=\"http:\/\/www.schoene-nachrichten.de\/wp-content\/uploads\/2009\/11\/091116_Uewag_037.jpg\" target=\"_blank\"><img decoding=\"async\" src=\"http:\/\/www.schoene-nachrichten.de\/wp-content\/uploads\/2009\/11\/091116_Uewag_037.thumbnail.jpg\" alt=\"091116_Uewag_037.jpg\" width=\"265\" \/><\/a> <a title=\"Foto: Max Colin Heydenreich\" rel=\"lightbox[roadtrip]\" href=\"http:\/\/www.schoene-nachrichten.de\/wp-content\/uploads\/2009\/11\/091116_Uewag_038.jpg\" target=\"_blank\"><img decoding=\"async\" src=\"http:\/\/www.schoene-nachrichten.de\/wp-content\/uploads\/2009\/11\/091116_Uewag_038.thumbnail.jpg\" alt=\"091116_Uewag_038.jpg\" width=\"265\" \/><\/a><\/p>\n","protected":false},"excerpt":{"rendered":"<div class=\"tmnf_excerpt\"><p>Fulda. Spannung herrschte am Samstag im \u00dcWAG-Kundenzentrum: Beim 1. \u00dcWAG-Schnellschachturnier traten 49 Hobby- und Vereinsschachspieler an und bewiesen Spielstrategie und Reaktionsf\u00e4higkeit. Das Publikum beobachtete gespannt, wie die Spieler in Windeseile Zug um Zug taten, um als Sieger hervorzugehen. Am Ende belegte in der Kategorie Hobbyschachspieler Mark Elsen aus Flieden den ersten Platz, Thomas Kracklauer aus &hellip;<\/p>\n<\/div>","protected":false},"author":1,"featured_media":0,"comment_status":"closed","ping_status":"closed","sticky":false,"template":"","format":"standard","meta":{"footnotes":""},"categories":[1,54,44,29,78],"tags":[],"class_list":["post-45038","post","type-post","status-publish","format-standard","hentry","category-startseite","category-bildergalerien","category-kultur","category-politik","category-topthema"],"_links":{"self":[{"href":"https:\/\/www.fuldaernachrichten.de\/index.php?rest_route=\/wp\/v2\/posts\/45038","targetHints":{"allow":["GET"]}}],"collection":[{"href":"https:\/\/www.fuldaernachrichten.de\/index.php?rest_route=\/wp\/v2\/posts"}],"about":[{"href":"https:\/\/www.fuldaernachrichten.de\/index.php?rest_route=\/wp\/v2\/types\/post"}],"author":[{"embeddable":true,"href":"https:\/\/www.fuldaernachrichten.de\/index.php?rest_route=\/wp\/v2\/users\/1"}],"replies":[{"embeddable":true,"href":"https:\/\/www.fuldaernachrichten.de\/index.php?rest_route=%2Fwp%2Fv2%2Fcomments&post=45038"}],"version-history":[{"count":3,"href":"https:\/\/www.fuldaernachrichten.de\/index.php?rest_route=\/wp\/v2\/posts\/45038\/revisions"}],"predecessor-version":[{"id":45147,"href":"https:\/\/www.fuldaernachrichten.de\/index.php?rest_route=\/wp\/v2\/posts\/45038\/revisions\/45147"}],"wp:attachment":[{"href":"https:\/\/www.fuldaernachrichten.de\/index.php?rest_route=%2Fwp%2Fv2%2Fmedia&parent=45038"}],"wp:term":[{"taxonomy":"category","embeddable":true,"href":"https:\/\/www.fuldaernachrichten.de\/index.php?rest_route=%2Fwp%2Fv2%2Fcategories&post=45038"},{"taxonomy":"post_tag","embeddable":true,"href":"https:\/\/www.fuldaernachrichten.de\/index.php?rest_route=%2Fwp%2Fv2%2Ftags&post=45038"}],"curies":[{"name":"wp","href":"https:\/\/api.w.org\/{rel}","templated":true}]}}