{"id":4498,"date":"2007-08-04T00:12:39","date_gmt":"2007-08-03T22:12:39","guid":{"rendered":"http:\/\/www.schoene-nachrichten.de\/?p=4498"},"modified":"2007-08-04T00:13:35","modified_gmt":"2007-08-03T22:13:35","slug":"weihbischof-kapp-bei-traditionellem-schneefestgeloebnis-in-schleid","status":"publish","type":"post","link":"https:\/\/www.fuldaernachrichten.de\/?p=4498","title":{"rendered":"Weihbischof Kapp bei traditionellem \u201eSchneefestgel\u00f6bnis\u201c in Schleid"},"content":{"rendered":"<p><strong>Sch\u00f6nes aus Fulda\/Schleid.<\/strong> Weihbischof Johannes Kapp wird am morgigen Sonntag, 5. August, um 10 Uhr in der Pfarrkirche \u201eMaria Schnee\u201c in Schleid ein feierliches Pontifikalamt mit Festpredigt halten. Die katholische Kirchengemeinde \u201eMaria Schnee\u201c begeht an diesem Tag die 381. Jahrfeier des sogenannten \u201eSchneegel\u00f6bnisses\u201c.<!--more--><\/p>\n<p>Das \u201eFest Maria Schnee\u201c in Schleid wurde auf Grund eines Gel\u00f6bnisses erstmals am 5. August des Jahres 1626 \u2013 also mitten im Drei\u00dfigj\u00e4hrigen Krieg \u2013 begangen. Es handelt sich um den wohl bekanntesten und volkst\u00fcmlichsten \u201eVerlobten Tag\u201c des ehemaligen Hochstifts Fulda. Furchtbar w\u00fctete 1626 die Pest im Geisaer Land als Folge von Truppendurchz\u00fcgen, einer schlechten Ernte im Vorjahr, des Hungers und der Hitze.<\/p>\n<p>Nach den Aufzeichnungen des damaligen Schleider Pastors Johannes Gutwein starben in Schleid und Kranlucken, das zu jener Zeit noch zur Pfarrei Schleid geh\u00f6rte, von Mai bis August 430 Menschen, ein Drittel der Bev\u00f6lkerung. Als die Not \u00fcbergro\u00df war, riet Pfarrer Gutwein zu einem feierlichen Gel\u00f6bnis an die Gottesmutter, die Patronin der Pfarrkirche. Man w\u00e4hlte hierf\u00fcr das Fest Maria Schnee am 5. August, das Kirchweihfest der gr\u00f6\u00dften r\u00f6mischen Marienkirche Santa Maria Maggiore.<\/p>\n<p>Eine Legende berichtet, da\u00df unter Papst Liberius (352-366) eine Schneedecke in der Nacht vom 4. auf den 5. August, also mitten im Sommer, den Bauplatz f\u00fcr die Kirche auf den Esquilin bezeichnet habe. Papst Sixtus III. (432-440) lie\u00df anl\u00e4\u00dflich der Verk\u00fcndigung des Glaubenssatzes von der Gottesmutterschaft Marias durch das Konzil von Ephesus (431) den Bau des Liberius durch eine gr\u00f6\u00dfere und sch\u00f6nere Kirche ersetzen. Zum Ged\u00e4chtnis an den Weihetag dieser \u2013 sp\u00e4ter mehrfach umgestalteten \u2013 Basilika Santa Maria Maggiore im Jahre 432 wurde auch im deutschsprachigen Raum das Fest Maria Schnee gefeiert.<\/p>\n<p>Das Gel\u00f6bnis der Schleider und der Kranluckener wurde im \u201eSchneefestbrief\u201c niedergelegt, der heute noch jedes Jahr am Sonntag vor dem Fest im Gottesdienst verlesen wird. Die sechs Punkte des Briefes besagen, da\u00df das Fest Maria Schnee am 5. August auf ewige Zeiten feierlich begangen werden soll.<\/p>\n<p>F\u00fcrstabt Bernhard Schenk von Schweinsberg approbierte dieses Gel\u00f6bnis am 16. Mai 1627 und bestimmte, da\u00df genannte Ortschaften \u201emit keinerlei Beschwerden und Gerichtsh\u00e4ndeln\u201c zu diesem Tag belegt werden d\u00fcrften. Wie aus den Aufzeichnungen Pastor Gutweins hervorgeht, war die Hilfe des Himmels nach dem Gel\u00f6bnis offensichtlich: Die Pest lie\u00df auffallend nach und erlosch zum Jahresende ganz.<\/p>\n<p>Als im folgenden Jahr der \u201eSchwarze Tod\u201c das Dorf Ketten heimsuchte, wurde dort das Fest des alten Pestpatrons Sebastian am 21. Januar \u201everlobt\u201c. Auch in den anderen D\u00f6rfern des Ulstertals machte man nach dem Schleider Vorbild derartige Verl\u00f6bnisse. Eine Bekanntheit aber wie das Schleider Schneefest hat kein anderes erlangt.<\/p>\n<p>Pfarrer B\u00e9la Horv\u00e1th l\u00e4dt Gl\u00e4ubige von nah und fern nach Schleid zur Feier des Patroziniums ein. Es finden neben dem Pontifikalamt Messen um 6 Uhr und 7.30 Uhr sowie eine Marienandacht um 15 Uhr statt.\u00c2\u00a0 (bpf).<\/p>\n","protected":false},"excerpt":{"rendered":"<div class=\"tmnf_excerpt\"><p>Sch\u00f6nes aus Fulda\/Schleid. Weihbischof Johannes Kapp wird am morgigen Sonntag, 5. August, um 10 Uhr in der Pfarrkirche \u201eMaria Schnee\u201c in Schleid ein feierliches Pontifikalamt mit Festpredigt halten. Die katholische Kirchengemeinde \u201eMaria Schnee\u201c begeht an diesem Tag die 381. Jahrfeier des sogenannten \u201eSchneegel\u00f6bnisses\u201c.<\/p>\n<\/div>","protected":false},"author":1,"featured_media":0,"comment_status":"closed","ping_status":"closed","sticky":false,"template":"","format":"standard","meta":{"footnotes":""},"categories":[1,50],"tags":[],"class_list":["post-4498","post","type-post","status-publish","format-standard","hentry","category-startseite","category-kirche"],"_links":{"self":[{"href":"https:\/\/www.fuldaernachrichten.de\/index.php?rest_route=\/wp\/v2\/posts\/4498","targetHints":{"allow":["GET"]}}],"collection":[{"href":"https:\/\/www.fuldaernachrichten.de\/index.php?rest_route=\/wp\/v2\/posts"}],"about":[{"href":"https:\/\/www.fuldaernachrichten.de\/index.php?rest_route=\/wp\/v2\/types\/post"}],"author":[{"embeddable":true,"href":"https:\/\/www.fuldaernachrichten.de\/index.php?rest_route=\/wp\/v2\/users\/1"}],"replies":[{"embeddable":true,"href":"https:\/\/www.fuldaernachrichten.de\/index.php?rest_route=%2Fwp%2Fv2%2Fcomments&post=4498"}],"version-history":[{"count":0,"href":"https:\/\/www.fuldaernachrichten.de\/index.php?rest_route=\/wp\/v2\/posts\/4498\/revisions"}],"wp:attachment":[{"href":"https:\/\/www.fuldaernachrichten.de\/index.php?rest_route=%2Fwp%2Fv2%2Fmedia&parent=4498"}],"wp:term":[{"taxonomy":"category","embeddable":true,"href":"https:\/\/www.fuldaernachrichten.de\/index.php?rest_route=%2Fwp%2Fv2%2Fcategories&post=4498"},{"taxonomy":"post_tag","embeddable":true,"href":"https:\/\/www.fuldaernachrichten.de\/index.php?rest_route=%2Fwp%2Fv2%2Ftags&post=4498"}],"curies":[{"name":"wp","href":"https:\/\/api.w.org\/{rel}","templated":true}]}}