{"id":44774,"date":"2009-11-13T05:22:41","date_gmt":"2009-11-13T04:22:41","guid":{"rendered":"http:\/\/www.schoene-nachrichten.de\/?p=44774"},"modified":"2009-11-13T06:12:52","modified_gmt":"2009-11-13T05:12:52","slug":"spaetlese-tage-fulda-an-diesem-wochenende-karten-noch-an-der-abendkasse","status":"publish","type":"post","link":"https:\/\/www.fuldaernachrichten.de\/?p=44774","title":{"rendered":"Sp\u00e4tlese-Tage-Fulda an diesem Wochenende Karten noch an der Abendkasse"},"content":{"rendered":"<p><strong>Fulda. <\/strong>Die 10. Auflage der Sp\u00e4tlese-Tage Fulda richtet sich mit ihrem kulturellen und kulinarischen Programm wieder gleicherma\u00dfen an Freunde edler Tropfen wie auch Liebhabern von klassischer Musik. F\u00fcr den Initiator der Sp\u00e4tlese-Tage, Wolfgang Wehner, ist der Riesling-Sp\u00e4tlese-Wettbewerb nicht nur eine Gelegenheit, die Riesling-Sp\u00e4tlesen als Qualit\u00e4tsbegriff hochzuhalten, sondern auch die ganz spezielle Fuldaer Weintradition zu pflegen.<!--more--><\/p>\n<p>Denn letztlich waren es die Fuldaer F\u00fcrst\u00e4bte, die auf ihrem Weingut Johannisberg im Rheingau die Sp\u00e4tlese entdeckten.1716 kauften sie die Dom\u00e4ne Johannisberg und verf\u00fcgten, dass die reifen Trauben erst nach der Leseerlaubnis durch den F\u00fcrstabt geerntet werden durften. Als sich der zust\u00e4ndige Meldereiter im Jahr 1775 versp\u00e4tete,\u00c2\u00a0 konnten die Trauben nur noch im Zustand der Edelf\u00e4ule geerntet werden, die Sp\u00e4tlese war geboren. Tats\u00e4chlich reicht die Fuldaer Weintradition aber bis in das achte Jahrhundert zur\u00fcck. Denn bereits 777 schenkte Karl der Gro\u00dfe der aufstrebenden Abtei Fulda das K\u00f6nigsweingut Hammelburg.<\/p>\n<p>Begonnen haben die diesj\u00e4hrigen Sp\u00e4tlese-Tage wieder mit der Verprobung der besten deutschen Riesling-Sp\u00e4tlese-Weine am 17. Und 18. August 2009 im Kaisersaal des Stadtschlosses. Insgesamt 187 Weine wurden von den 90 teilnehmenden Weing\u00fctern eingereicht. Eine hochkar\u00e4tige Jury unter Leitung des bekannten Weinjournalisten Rudolf Knoll bewertet die Weine in den Kategorien, trocken, halbtrocken\/feinherb und fruchtig. Eine Premiere war am 11. September 2009 das Wettbewerbskochen im 1. Rh\u00f6nSprudel-Sp\u00e4tlese-Men\u00fc-Wettbewerb. Das Siegermen\u00fc konnte im Rahmen eines festlichen Dinners am 31. Oktober 2009 in Schloss Fasanerie genossen werden.<\/p>\n<p>Mit den kulturellen Veranstaltungen vom 13. bis 15. November schlie\u00dft sich schlie\u00dflich der Reigen der Sp\u00e4tlese-Tage. Am 13. November 2009 spielt ein Ensemble des Kammerorchesters der Jugend\u00c2\u00a0 unter Leitung von Ulrich Moormann in der Aula der Alten Universit\u00e4t ab 18.00 Uhr Klassiker der Filmmusik \u2013 sicherlich ein unvergleichliches Erlebnis in einmaligem Ambiente.<\/p>\n<p>Die Publikumspreistr\u00e4gerin der Osthessischen Klavierkonzerte gibt am 14. November 2009 ein Konzert im F\u00fcrstensaal. Tomoka Shigeno, geboren 1988 in Japan, erhielt ihren ersten Klavierunterricht mit 9 Jahren. Sie lebt seit 5 Jahren in England, wo sie zun\u00e4chst an der Yehudi Menuhin School in Surrey studierte. Seit 2007 studiert sie am Royal College of Music in London. Tomoka Shigeno ist Preistr\u00e4gerin bei Wettbewerben in Japan und in der Ukraine. Sie wird am Samstag, 14. November 2009 um 18.00 Uhr im F\u00fcrstensaal des Stadtschlosses Werke von Franz Schubert, Claude Debussy und Sergej Prokofiev auff\u00fchren.<\/p>\n<p>H\u00f6hepunkt der Sp\u00e4tlese-Tage Fulda ist die Festliche Matinee am Sonntag, 15. November 2009, um 11.00 Uhr im Stadtschloss. Das Duo du Salon der Bamberger Symphoniker umrahmt die Pr\u00e4mierung der Siegerweine im 10. Deutschen Riesling-Sp\u00e4tlese-Wettbewerb. Alle Besucher haben anschlie\u00dfend die M\u00f6glichkeit, die Siegerweine zu probieren.<\/p>\n<p><strong>Kartenvorverkauf und Abendkasse<\/strong><\/p>\n<p>Karten f\u00fcr alle drei Veranstaltungen gibt es zum Preis von 12,00 Euro an den Vorverkaufsstellen bei der Sparkasse Fulda, Zentrale am Buttermarkt, dem Parzeller Ticketshop am Peterstor, dem \u00dcWAG-Besucherzentrum sowie im B\u00fcrgerb\u00fcro und im Tourismus- und Kongressmanagement der Stadt Fulda. Zudem ist es m\u00f6glich, an der Abendkasse bzw. vor der Matinee noch Karten zu erwerben. Weitere Informationen unter <a href=\"http:\/\/wwwspaetlese-tage-fulda.de\" target=\"_blank\">www.spaetlese-tage-fulda.de<\/a><\/p>\n","protected":false},"excerpt":{"rendered":"<div class=\"tmnf_excerpt\"><p>Fulda. Die 10. Auflage der Sp\u00e4tlese-Tage Fulda richtet sich mit ihrem kulturellen und kulinarischen Programm wieder gleicherma\u00dfen an Freunde edler Tropfen wie auch Liebhabern von klassischer Musik. F\u00fcr den Initiator der Sp\u00e4tlese-Tage, Wolfgang Wehner, ist der Riesling-Sp\u00e4tlese-Wettbewerb nicht nur eine Gelegenheit, die Riesling-Sp\u00e4tlesen als Qualit\u00e4tsbegriff hochzuhalten, sondern auch die ganz spezielle Fuldaer Weintradition zu pflegen.<\/p>\n<\/div>","protected":false},"author":1,"featured_media":0,"comment_status":"closed","ping_status":"closed","sticky":false,"template":"","format":"standard","meta":{"footnotes":""},"categories":[1,37,44],"tags":[],"class_list":["post-44774","post","type-post","status-publish","format-standard","hentry","category-startseite","category-essen-und-trinken","category-kultur"],"_links":{"self":[{"href":"https:\/\/www.fuldaernachrichten.de\/index.php?rest_route=\/wp\/v2\/posts\/44774","targetHints":{"allow":["GET"]}}],"collection":[{"href":"https:\/\/www.fuldaernachrichten.de\/index.php?rest_route=\/wp\/v2\/posts"}],"about":[{"href":"https:\/\/www.fuldaernachrichten.de\/index.php?rest_route=\/wp\/v2\/types\/post"}],"author":[{"embeddable":true,"href":"https:\/\/www.fuldaernachrichten.de\/index.php?rest_route=\/wp\/v2\/users\/1"}],"replies":[{"embeddable":true,"href":"https:\/\/www.fuldaernachrichten.de\/index.php?rest_route=%2Fwp%2Fv2%2Fcomments&post=44774"}],"version-history":[{"count":3,"href":"https:\/\/www.fuldaernachrichten.de\/index.php?rest_route=\/wp\/v2\/posts\/44774\/revisions"}],"predecessor-version":[{"id":44842,"href":"https:\/\/www.fuldaernachrichten.de\/index.php?rest_route=\/wp\/v2\/posts\/44774\/revisions\/44842"}],"wp:attachment":[{"href":"https:\/\/www.fuldaernachrichten.de\/index.php?rest_route=%2Fwp%2Fv2%2Fmedia&parent=44774"}],"wp:term":[{"taxonomy":"category","embeddable":true,"href":"https:\/\/www.fuldaernachrichten.de\/index.php?rest_route=%2Fwp%2Fv2%2Fcategories&post=44774"},{"taxonomy":"post_tag","embeddable":true,"href":"https:\/\/www.fuldaernachrichten.de\/index.php?rest_route=%2Fwp%2Fv2%2Ftags&post=44774"}],"curies":[{"name":"wp","href":"https:\/\/api.w.org\/{rel}","templated":true}]}}