{"id":44750,"date":"2009-11-12T04:10:25","date_gmt":"2009-11-12T03:10:25","guid":{"rendered":"http:\/\/www.schoene-nachrichten.de\/?p=44750"},"modified":"2009-11-12T12:56:04","modified_gmt":"2009-11-12T11:56:04","slug":"fuldaer-foaset-das-neue-prinzenteam-2010","status":"publish","type":"post","link":"https:\/\/www.fuldaernachrichten.de\/?p=44750","title":{"rendered":"Fuldaer Foaset: Das neue Prinzenteam 2010"},"content":{"rendered":"<p><a href=\"http:\/\/www.foellsch-foll-hinein.de\/wp-content\/uploads\/2009\/11\/091111_Prinz.jpg\"><img decoding=\"async\" class=\"alignnone size-full wp-image-371\" title=\"091111_Prinz\" src=\"http:\/\/www.foellsch-foll-hinein.de\/wp-content\/uploads\/2009\/11\/091111_Prinz.jpg\" alt=\"091111_Prinz\" width=\"560\" \/><\/a><\/p>\n<p><strong>Fulda. <\/strong>Auch in 2010 alles n\u00e4rrisch seh&#8217;n&#8230; so hei\u00dft das diesj\u00e4hrige Motto. Um 23:00 Uhr wurde heute im sehr gut besuchten Kolpinghaus das neue Prinzenteam f\u00fcr die Fastnachtssaison 2010 vorgestellt. Hier stellen sich Prinz Phillipp Audiator LXIX und sein Team vor.<\/p>\n<p><strong>Video: <\/strong>Dorit &amp; Max Colin Heydenreich<\/p>\n<p><!--more--><\/p>\n<p><strong><a href=\"http:\/\/www.schoene-nachrichten.de\/wp-content\/uploads\/2009\/11\/091112_FKG.jpg\"><img decoding=\"async\" class=\"alignleft size-thumbnail wp-image-44811\" title=\"091112_FKG\" src=\"http:\/\/www.schoene-nachrichten.de\/wp-content\/uploads\/2009\/11\/091112_FKG-265x176.jpg\" alt=\"091112_FKG\" width=\"265\" height=\"176\" srcset=\"https:\/\/www.fuldaernachrichten.de\/wp-content\/uploads\/2009\/11\/091112_FKG-265x176.jpg 265w, https:\/\/www.fuldaernachrichten.de\/wp-content\/uploads\/2009\/11\/091112_FKG.jpg 592w\" sizes=\"(max-width: 265px) 100vw, 265px\" \/><\/a>Prinz Phillipp Audiator LXIX. im griechisch-r\u00f6mischen Stil (Philipp Atzert)<\/strong><\/p>\n<p>Am 02. August 1978 um 6.33 Uhr war es soweit \u2013 da habe ich endlich das Licht der Welt erblickt. Schnell merkte ich, dass Heidelberg nicht meine Heimat werden w\u00fcrde, und so zog es uns, Mutter Harriet, Vater Werner, Schwester Nadine (geboren 1976) und Bruder Pascal (geboren 1973), nach nur 6 Monaten zur\u00fcck in die Heimat meines Vaters \u2013 nach Fulda.<\/p>\n<p>In Fulda verbrachte ich meine gesamte Schulzeit, zun\u00e4chst in der Grundschule Gl\u00e4serzell und zuletzt in der Ferdinand-Braun-Schule, um das Fachabitur abzulegen. W\u00e4hrend meiner Jugend verbrachte ich viel Zeit mit Sport, wie zum Beispiel Fu\u00dfball, Basketball und Kanu fahren. Nicht zu vergessen auch die Wochenenden, an denen das \u201eKreuz\u201c in Horas oder die \u201eAltstadt\u201c-Kneipe zu meinem zweiten Wohnzimmer wurden, da ich mit meinen Geschwistern schon fr\u00fchzeitig unterwegs war.<\/p>\n<p>Nach meinem Fachabitur im Jahre 1998 ging es f\u00fcr 18 Monate in die gro\u00dfe weite Welt: den Wehrdienst habe ich bei der Marine absolviert. Nach 44.000 Seemeilen im Mittelmeer kehrte ich nach Hause zur\u00fcck, um anschlie\u00dfend nach Kempten zu ziehen. Dort startete ich mein Studium an der Fachhochschule zum Wirtschaftsingenieur. W\u00e4hrend meines Studiums \u00fcberkam mich das Fernweh und ich ging f\u00fcr sechs Monate nach S\u00fcdafrika, um dort bei Volkswagen die ersten Praxiserfahrungen f\u00fcr mein k\u00fcnftiges Berufsleben zu sammeln. W\u00e4hrend diesem Aufenthalt ritt ich wieder kr\u00e4ftig Kilometer auf meinem vierr\u00e4drigen Pferd &#8211; 35.000 km in 6 Monaten, die sicherlich nicht nur durch berufliche Zwecke entstanden.<\/p>\n<p>Nach meiner Diplomarbeit im Fr\u00fchjahr 2004, habe ich 6 Monate meine Kenntnisse im Bereich Controlling in einem Frankfurter Autohaus vertiefen k\u00f6nnen. Im Dezember 2004 zog ich zur\u00fcck nach Fulda um dort in unser Familienunternehmen einzusteigen. Bis 2008 habe ich den Familienbetrieb in Gro\u00dfenl\u00fcder als Betriebsleiter gef\u00fchrt und dort meine ersten verantwortungsvollen Aufgaben wahrgenommen. Im Mai 2008 ging ich schlie\u00dflich in das Volkswagen Zentrum Fulda und habe dort seitdem die Serviceleiterfunktion inne. Seit September 2009 bin ich Prokurist und erhalte somit jeden Tag mehr und mehr Verantwortung.<\/p>\n<p>Wohnhaft bin ich mit meiner Partnerin mitten im Herzen von Fulda. Meine Freizeit f\u00fclle ich aus mit ein bisschen Sport und Yoga. Wenn es die Zeit zul\u00e4sst, gehe ich auch mal Golf spielen.<\/p>\n<p><strong>1. Adjutant Pascal Atzert (Bruder des Prinzen)<\/strong><\/p>\n<p>Geboren im M\u00e4rz 1973 in Heidelberg verbrachte Pascal die fr\u00fche Kindheit in der Pfalz, wo sein Vater Berufserfahrungen f\u00fcr seinen sp\u00e4teren Einstieg in das Familienunternehmen Autohaus Atzert in Gro\u00dfenl\u00fcder sammelte. 1979 zog die Familie &#8211; inzwischen zu f\u00fcnft: Mutter Harriet, Vater Werner und die Geschwister Nadine (geb. 1976) und Philipp (geb. 1978) &#8211; in die Heimat des Vaters: nach Fulda.<\/p>\n<p>In Fulda verbrachte Pascal seine gesamte Schulzeit, zun\u00e4chst in der Grundschule Gl\u00e4serzell und anschlie\u00dfend im Freiherr-vom-Stein-Gymnasium. Neben der Schule nutzte Pascal jede Minute mit Aus\u00fcbung von Vereinssport, u.a. Fu\u00dfball beim SV Gl\u00e4serzell und TSV Dalherda; Basketball bei FT Fulda. Nicht zu vergessen auch die Wochenenden, an denen das \u201eKreuz\u201c in Horas oder die \u201eAltstadt\u201c-Kneipe zu seinem zweiten Wohnzimmer mutierten.<\/p>\n<p>Nach seinem Abitur im Jahre 1993 ging es f\u00fcr ein Jahr in die gro\u00dfe weite Welt hinaus: der Wehrdienst wurde bei der Marine absolviert. Nach 21.000 Seemeilen im Mittelmeer kehrte Pascal nach Fulda zur\u00fcck, um dort eine Ausbildung zum Bauzeichner beim Architekturb\u00fcro \u201eSichau+Walter\u201c zu absolvieren.<\/p>\n<p>Fasziniert von der Welt des Bauens zog Pascal 1996 nach Frankfurt am Main und begann sein Architekturstudium. Unterbrochen von einem Praxisjahr bei einem Hamburger Architekten graduierte er 2002 zum Diplom-Ingenieur. Anschlie\u00dfend studierte Pascal &#8211; seiner T\u00e4tigkeit f\u00fcr einen Frankfurter Architekten begleitend &#8211; an der European-Business-School und schloss dort zwei Jahre sp\u00e4ter als Immobilien\u00f6konom ab.<\/p>\n<p>Seit 2004 ist Pascal t\u00e4tig als Sachverst\u00e4ndiger, derzeit f\u00fcr den internationalen Immobilienberater Jones Lang LaSalle, mit dem Schwerpunkt Gewerbeimmobilien. fangen vom klassischen B\u00fcrogeb\u00e4ude bis hin zu Fabrikanlagen. So erstellte Pascal u.a. auch Gutachten f\u00fcr Objekte im Landkreis Fulda, wie das Warenhaus Karstadt, das Finanzamt Fulda und die Wella Produktion in H\u00fcnfeld.<\/p>\n<p>Wohnhaft ist Pascal bis heute in Frankfurt, wo er am Westhafen am Main wohnt. Seine Freizeit f\u00fcllt er aus mit Golf spielen, regelm\u00e4\u00dfigen Stadionbesuchen bei der Eintracht und mit dem Studium der Frankfurter Stadtgeschichte.<\/p>\n<p><strong>2. Adjutant Sebastian Weber<\/strong><\/p>\n<p>Ich wurde am 04.08.1981 in Fulda mit dem Namen Sebastian Weber geboren. Ich war der Erste und es sollten noch Christian (1984) und Leopold (1987) folgen. Meine Eltern, Karin und Thomas, haben mich als kleines Kind schon mit \u00d6l und Reifen spielen lassen. Daher kam nach der Hauptschule f\u00fcr mich nur eine Sache in Frage: eine Ausbildung zum Kfz-Mechaniker bei meinem Onkel J\u00fcrgen Weber in Bischofsheim. Nach dieser Ausbildung habe ich als Geselle bei meinem Vater in Hilders Erfahrungen gesammelt. Vor meinem KFZ-Techniker-Meister mit Betriebswirt (HWK) in Schweinfurt, habe ich den Zivildienst als Pfleger beim Malteser Hilfsdienst in Fulda angetreten.<\/p>\n<p>Nach dem handwerklichen Weg habe ich eine Ausbildung zum zertifizierten VW Verkaufsberater abgeschlossen und als Verk\u00e4ufer im Volkswagen Zentrum Fulda \u00fcber 3 Jahre Autos verkauft. Meinen betriebswirtschaftlichen Horizont habe ich durch ein Volontariat im Autohaus Schmidt &amp; Koch in Wilhelmshaven erweitern k\u00f6nnen. Zurzeit bin ich Assistent der Gesch\u00e4ftsleitung im Autohaus Schl\u00fcchtern und konzentriere mich auf die VW Verkaufsleiterausbildung, die im Dezember endet.<\/p>\n<p>In meiner Freizeit verreise ich gerne mit meiner Frau Eileen. Wenn es die Zeit zul\u00e4sst, koche und grille ich, mache danach aber leider zu wenig Sport. Ich spiele gerne Tennis und fahre Mountainbike.<\/p>\n<p><strong>Prinzenmariechen Sarah Jung<\/strong><\/p>\n<p>Als ich am 31. Juli 1988 in den St\u00e4dtischen Kliniken in Fulda, als zweites von drei Kindern geboren wurde, gaben mir meine Eltern Stephan und Kerstin Jung den Namen Sarah.<\/p>\n<p>Nach einer kurzen Karriere im Kindergarten wurde ich im August 1994 in der Grundschule Sturmiusschule in Fulda eingeschult. 1999 begann meine weitere Laufbahn auf der Sturmiusschule in Fulda, die ich 2004 mit einem qualifizierten Hauptschulabschluss beendete. Anschlie\u00dfend besuchte ich 2004 &#8211; 2006 die zweij\u00e4hrige Berufsfachschule Eduard-Stieler-Schule in Fulda, die ich mit einem qualifizierten Realabschulabschluss abgeschlossen habe.<\/p>\n<p>Danach begann meine Ausbildung als zahnmedizinische Fachangestellte in der Praxis Dr. Frank Steinhauer und Solveig Schuchardt in Fulda, die ich 2009 erfolgreich abschloss; seitdem bin ich dort als zahnmedizinische Fachangestellte t\u00e4tig.<\/p>\n<p>Meine Hobbies sind Garde- und Showtanz in der FKG, sowie die Betreuung meines Patenkindes Patrice.<\/p>\n<p>Karnevalistische Laufbahn<br \/>\nEintritt in die FKG Mai 1995 Beginn mit Training bei den Teenys<br \/>\nAngefangen 1996 (Prinz Udo Hirt) bis 2000 bei den FKG Teenys unter der Betreuung von Erika Reith<br \/>\n2000-2004 Sternchengarde der FKG unter der Leitung von Martina Gutberlet und Kerstin Jung<\/p>\n<p>Seit 2004 in der FKG Tanzgarde und Showtanzgruppe unter der Choreographie von Jeannette Herrlich und Caroline Baummann<br \/>\nMeinen Tanzgardenorden bekam ich 2004 und meinen Floraorden 2007.<\/p>\n","protected":false},"excerpt":{"rendered":"<div class=\"tmnf_excerpt\"><p>Fulda. Auch in 2010 alles n\u00e4rrisch seh&#8217;n&#8230; so hei\u00dft das diesj\u00e4hrige Motto. Um 23:00 Uhr wurde heute im sehr gut besuchten Kolpinghaus das neue Prinzenteam f\u00fcr die Fastnachtssaison 2010 vorgestellt. Hier stellen sich Prinz Phillipp Audiator LXIX und sein Team vor. Video: Dorit &amp; Max Colin Heydenreich<\/p>\n<\/div>","protected":false},"author":1,"featured_media":0,"comment_status":"closed","ping_status":"closed","sticky":false,"template":"","format":"standard","meta":{"footnotes":""},"categories":[1,79],"tags":[],"class_list":["post-44750","post","type-post","status-publish","format-standard","hentry","category-startseite","category-kino"],"_links":{"self":[{"href":"https:\/\/www.fuldaernachrichten.de\/index.php?rest_route=\/wp\/v2\/posts\/44750","targetHints":{"allow":["GET"]}}],"collection":[{"href":"https:\/\/www.fuldaernachrichten.de\/index.php?rest_route=\/wp\/v2\/posts"}],"about":[{"href":"https:\/\/www.fuldaernachrichten.de\/index.php?rest_route=\/wp\/v2\/types\/post"}],"author":[{"embeddable":true,"href":"https:\/\/www.fuldaernachrichten.de\/index.php?rest_route=\/wp\/v2\/users\/1"}],"replies":[{"embeddable":true,"href":"https:\/\/www.fuldaernachrichten.de\/index.php?rest_route=%2Fwp%2Fv2%2Fcomments&post=44750"}],"version-history":[{"count":6,"href":"https:\/\/www.fuldaernachrichten.de\/index.php?rest_route=\/wp\/v2\/posts\/44750\/revisions"}],"predecessor-version":[{"id":44816,"href":"https:\/\/www.fuldaernachrichten.de\/index.php?rest_route=\/wp\/v2\/posts\/44750\/revisions\/44816"}],"wp:attachment":[{"href":"https:\/\/www.fuldaernachrichten.de\/index.php?rest_route=%2Fwp%2Fv2%2Fmedia&parent=44750"}],"wp:term":[{"taxonomy":"category","embeddable":true,"href":"https:\/\/www.fuldaernachrichten.de\/index.php?rest_route=%2Fwp%2Fv2%2Fcategories&post=44750"},{"taxonomy":"post_tag","embeddable":true,"href":"https:\/\/www.fuldaernachrichten.de\/index.php?rest_route=%2Fwp%2Fv2%2Ftags&post=44750"}],"curies":[{"name":"wp","href":"https:\/\/api.w.org\/{rel}","templated":true}]}}