{"id":4437,"date":"2007-08-01T01:24:23","date_gmt":"2007-07-31T23:24:23","guid":{"rendered":"http:\/\/www.schoene-nachrichten.de\/?p=4437"},"modified":"2007-08-01T01:24:23","modified_gmt":"2007-07-31T23:24:23","slug":"beispielhaftes-engagement-ehrung-fuer-hermann-breitung","status":"publish","type":"post","link":"https:\/\/www.fuldaernachrichten.de\/?p=4437","title":{"rendered":"&#8220;Beispielhaftes Engagement&#8221; &#8211; Ehrung f\u00fcr Hermann Breitung"},"content":{"rendered":"<p><strong>Leute.<\/strong> Am vergangenen Samstag wurde Hermann Breitung im Rahmen der Vorabendmesse in St. Michael zu W\u00fcstensachsen von Bischof Heinz Josef Algermissen die Auszeichnung \u201ePro Ecclesia et Pontifice\u201c \u00fcberreicht. <!--more--><br \/>\nDer Geehrte war 26 Jahre Mitglied im Pfarrgemeinderat, hat zudem im Verwaltungsrat mitgearbeitet und ist bis heute als Lektor und Kommunionhelfer in der Gemeinde t\u00e4tig. Seit 30 Jahre ist er Vorsitzender des F\u00f6rderkreises der Mariengrotte Melperts, die unter seiner \u00c4gide renoviert wurde. \u201eSeine ehrenamtlich \u00fcbernommenen Dienste versieht er mit beispielhaftem Engagement und viel Energie\u201c, hob der Bischof bei der Ehrung hervor. (bpf)<\/p>\n","protected":false},"excerpt":{"rendered":"<div class=\"tmnf_excerpt\"><p>Leute. Am vergangenen Samstag wurde Hermann Breitung im Rahmen der Vorabendmesse in St. Michael zu W\u00fcstensachsen von Bischof Heinz Josef Algermissen die Auszeichnung \u201ePro Ecclesia et Pontifice\u201c \u00fcberreicht.<\/p>\n<\/div>","protected":false},"author":1,"featured_media":0,"comment_status":"closed","ping_status":"closed","sticky":false,"template":"","format":"standard","meta":{"footnotes":""},"categories":[1,50],"tags":[],"class_list":["post-4437","post","type-post","status-publish","format-standard","hentry","category-startseite","category-kirche"],"_links":{"self":[{"href":"https:\/\/www.fuldaernachrichten.de\/index.php?rest_route=\/wp\/v2\/posts\/4437","targetHints":{"allow":["GET"]}}],"collection":[{"href":"https:\/\/www.fuldaernachrichten.de\/index.php?rest_route=\/wp\/v2\/posts"}],"about":[{"href":"https:\/\/www.fuldaernachrichten.de\/index.php?rest_route=\/wp\/v2\/types\/post"}],"author":[{"embeddable":true,"href":"https:\/\/www.fuldaernachrichten.de\/index.php?rest_route=\/wp\/v2\/users\/1"}],"replies":[{"embeddable":true,"href":"https:\/\/www.fuldaernachrichten.de\/index.php?rest_route=%2Fwp%2Fv2%2Fcomments&post=4437"}],"version-history":[{"count":0,"href":"https:\/\/www.fuldaernachrichten.de\/index.php?rest_route=\/wp\/v2\/posts\/4437\/revisions"}],"wp:attachment":[{"href":"https:\/\/www.fuldaernachrichten.de\/index.php?rest_route=%2Fwp%2Fv2%2Fmedia&parent=4437"}],"wp:term":[{"taxonomy":"category","embeddable":true,"href":"https:\/\/www.fuldaernachrichten.de\/index.php?rest_route=%2Fwp%2Fv2%2Fcategories&post=4437"},{"taxonomy":"post_tag","embeddable":true,"href":"https:\/\/www.fuldaernachrichten.de\/index.php?rest_route=%2Fwp%2Fv2%2Ftags&post=4437"}],"curies":[{"name":"wp","href":"https:\/\/api.w.org\/{rel}","templated":true}]}}