{"id":4430,"date":"2007-07-30T00:30:33","date_gmt":"2007-07-29T22:30:33","guid":{"rendered":"http:\/\/www.schoene-nachrichten.de\/?p=4430"},"modified":"2007-07-30T00:34:02","modified_gmt":"2007-07-29T22:34:02","slug":"hettenhaeuser-dorfchronik-ab-sofort-online","status":"publish","type":"post","link":"https:\/\/www.fuldaernachrichten.de\/?p=4430","title":{"rendered":"Hettenh\u00e4user Dorfchronik ab sofort online"},"content":{"rendered":"<p><strong>Sch\u00f6nes aus Hettenhausen.<\/strong> Die Kirmesgesellschaft Hettenhausen 1993 e.V. ver\u00f6ffentlicht auf ihrer Homepage <a target=\"_blank\" href=\"http:\/\/www.kghettenhausen.de\">www.kghettenhausen.de<\/a> ab sofort die Hettenh\u00e4user Dorfchronik, die anl\u00e4sslich der 1050 Jahrfeier von Hettenhausen im Jahr 2006 erschienen ist.<!--more--><\/p>\n<p>Die Kirmesgesellschaft selbst bezeichnet die Ver\u00f6ffentlichung der Onlinechronik, die in einzelnen Kapiteln erfolgen wird, als einen weiteren, wichtigen Schritt in ihrer Vereinsgeschichte. Der Vorsitzende Wolfgang Bohnwagner\u00c2\u00a0und seine Stellvertreter Christian Frohnapfel und Andreas Bohnwagner danken ihrem Ortsvorsteher Erwin M\u00fcller f\u00fcr die Bereitstellung der Daten und die Einwilligung zur Ver\u00f6ffentlichung auf ihrer Homepage. Bohnwanger und seine Stellvertreter heben die besondere Bedeutung dieser Aktion im Sinne der Gemeinn\u00fctzigkeit des Vereins hervor.<\/p>\n<p>\u00dcberregional bekannt ist die Kirmesgesellschaft aus Hettenhausen neben der Kirmes durch den j\u00e4hrlich stattfindenden Johannismarkt.<\/p>\n","protected":false},"excerpt":{"rendered":"<div class=\"tmnf_excerpt\"><p>Sch\u00f6nes aus Hettenhausen. Die Kirmesgesellschaft Hettenhausen 1993 e.V. ver\u00f6ffentlicht auf ihrer Homepage www.kghettenhausen.de ab sofort die Hettenh\u00e4user Dorfchronik, die anl\u00e4sslich der 1050 Jahrfeier von Hettenhausen im Jahr 2006 erschienen ist.<\/p>\n<\/div>","protected":false},"author":1,"featured_media":0,"comment_status":"closed","ping_status":"closed","sticky":false,"template":"","format":"standard","meta":{"footnotes":""},"categories":[1,44],"tags":[],"class_list":["post-4430","post","type-post","status-publish","format-standard","hentry","category-startseite","category-kultur"],"_links":{"self":[{"href":"https:\/\/www.fuldaernachrichten.de\/index.php?rest_route=\/wp\/v2\/posts\/4430","targetHints":{"allow":["GET"]}}],"collection":[{"href":"https:\/\/www.fuldaernachrichten.de\/index.php?rest_route=\/wp\/v2\/posts"}],"about":[{"href":"https:\/\/www.fuldaernachrichten.de\/index.php?rest_route=\/wp\/v2\/types\/post"}],"author":[{"embeddable":true,"href":"https:\/\/www.fuldaernachrichten.de\/index.php?rest_route=\/wp\/v2\/users\/1"}],"replies":[{"embeddable":true,"href":"https:\/\/www.fuldaernachrichten.de\/index.php?rest_route=%2Fwp%2Fv2%2Fcomments&post=4430"}],"version-history":[{"count":0,"href":"https:\/\/www.fuldaernachrichten.de\/index.php?rest_route=\/wp\/v2\/posts\/4430\/revisions"}],"wp:attachment":[{"href":"https:\/\/www.fuldaernachrichten.de\/index.php?rest_route=%2Fwp%2Fv2%2Fmedia&parent=4430"}],"wp:term":[{"taxonomy":"category","embeddable":true,"href":"https:\/\/www.fuldaernachrichten.de\/index.php?rest_route=%2Fwp%2Fv2%2Fcategories&post=4430"},{"taxonomy":"post_tag","embeddable":true,"href":"https:\/\/www.fuldaernachrichten.de\/index.php?rest_route=%2Fwp%2Fv2%2Ftags&post=4430"}],"curies":[{"name":"wp","href":"https:\/\/api.w.org\/{rel}","templated":true}]}}