{"id":44251,"date":"2010-03-18T05:45:33","date_gmt":"2010-03-18T04:45:33","guid":{"rendered":"http:\/\/www.schoene-nachrichten.de\/?p=44251"},"modified":"2010-03-18T12:32:24","modified_gmt":"2010-03-18T11:32:24","slug":"neu-im-kino-everybodys-fine-allen-gehts-gut-kinostart-18-03-10","status":"publish","type":"post","link":"https:\/\/www.fuldaernachrichten.de\/?p=44251","title":{"rendered":"Neu im Kino: Everybody&#8217;s Fine &#8211; Allen geht&#8217;s gut &#8211; Kinostart: 18.03.2010"},"content":{"rendered":"<p><strong><a href=\"http:\/\/www.schoene-nachrichten.de\/wp-content\/uploads\/2009\/11\/091105_Fine.jpg\"><img fetchpriority=\"high\" decoding=\"async\" class=\"alignleft size-thumbnail wp-image-44252\" title=\"091105_Fine\" src=\"http:\/\/www.schoene-nachrichten.de\/wp-content\/uploads\/2009\/11\/091105_Fine-265x378.jpg\" alt=\"091105_Fine\" width=\"265\" height=\"378\" srcset=\"https:\/\/www.fuldaernachrichten.de\/wp-content\/uploads\/2009\/11\/091105_Fine-265x378.jpg 265w, https:\/\/www.fuldaernachrichten.de\/wp-content\/uploads\/2009\/11\/091105_Fine.jpg 399w\" sizes=\"(max-width: 265px) 100vw, 265px\" \/><\/a>Kino. <\/strong>Kaum ein Mensch achtet bei der Reise mit dem Zug auf vorbeiziehende Stromleitungen &#8211; au\u00dfer Frank Goode (Robert De Niro). Sein ganzes Leben lang hat er in einer Kabelfabrik hart gearbeitet, um seiner Familie ein gutes Leben zu erm\u00f6glichen. Mittlerweile ist er ein typischer Witwer im Ruhestand &#8211; beigefarbenes Rentneroutfit und adrett eingerichtetes Haus inklusive. \u00dcber das erfolgreiche und gl\u00fcckliche Leben der vier Kinder hielt ihn ausschlie\u00dflich seine Frau auf dem Laufenden, doch nach deren Tod erwachen in Frank pl\u00f6tzlich lange versteckte Vatergef\u00fchle. Als alle vier Kinder einer nach dem anderen den geplanten Wochenend-Besuch absagen, beschlie\u00dft Frank einen Road Trip der besonderen Art. Er packt den Koffer f\u00fcr eine spontane Reise quer durch die USA mit dem Ziel, seine Kinder zu \u00fcberraschen: den K\u00fcnstler David (Austin Lysy), die Werbeagentur-Chefin Amy (Kate Beckinsale), den Dirigenten Robert (Sam Rockwell) und die T\u00e4nzerin Rosie (Drew Barrymore). Doch nach und nach stellt er fest, dass die Vier lange nicht so erfolgreich und zufrieden mit ihrem Leben sind wie er immer dachte&#8230;<\/p>\n<p><strong>Kinostart: 18.03.2010<\/strong><\/p>\n","protected":false},"excerpt":{"rendered":"<div class=\"tmnf_excerpt\"><p>Kino. Kaum ein Mensch achtet bei der Reise mit dem Zug auf vorbeiziehende Stromleitungen &#8211; au\u00dfer Frank Goode (Robert De Niro). Sein ganzes Leben lang hat er in einer Kabelfabrik hart gearbeitet, um seiner Familie ein gutes Leben zu erm\u00f6glichen. Mittlerweile ist er ein typischer Witwer im Ruhestand &#8211; beigefarbenes Rentneroutfit und adrett eingerichtetes Haus &hellip;<\/p>\n<\/div>","protected":false},"author":1,"featured_media":0,"comment_status":"closed","ping_status":"closed","sticky":false,"template":"","format":"standard","meta":{"footnotes":""},"categories":[1,79],"tags":[],"class_list":["post-44251","post","type-post","status-publish","format-standard","hentry","category-startseite","category-kino"],"_links":{"self":[{"href":"https:\/\/www.fuldaernachrichten.de\/index.php?rest_route=\/wp\/v2\/posts\/44251","targetHints":{"allow":["GET"]}}],"collection":[{"href":"https:\/\/www.fuldaernachrichten.de\/index.php?rest_route=\/wp\/v2\/posts"}],"about":[{"href":"https:\/\/www.fuldaernachrichten.de\/index.php?rest_route=\/wp\/v2\/types\/post"}],"author":[{"embeddable":true,"href":"https:\/\/www.fuldaernachrichten.de\/index.php?rest_route=\/wp\/v2\/users\/1"}],"replies":[{"embeddable":true,"href":"https:\/\/www.fuldaernachrichten.de\/index.php?rest_route=%2Fwp%2Fv2%2Fcomments&post=44251"}],"version-history":[{"count":17,"href":"https:\/\/www.fuldaernachrichten.de\/index.php?rest_route=\/wp\/v2\/posts\/44251\/revisions"}],"predecessor-version":[{"id":54804,"href":"https:\/\/www.fuldaernachrichten.de\/index.php?rest_route=\/wp\/v2\/posts\/44251\/revisions\/54804"}],"wp:attachment":[{"href":"https:\/\/www.fuldaernachrichten.de\/index.php?rest_route=%2Fwp%2Fv2%2Fmedia&parent=44251"}],"wp:term":[{"taxonomy":"category","embeddable":true,"href":"https:\/\/www.fuldaernachrichten.de\/index.php?rest_route=%2Fwp%2Fv2%2Fcategories&post=44251"},{"taxonomy":"post_tag","embeddable":true,"href":"https:\/\/www.fuldaernachrichten.de\/index.php?rest_route=%2Fwp%2Fv2%2Ftags&post=44251"}],"curies":[{"name":"wp","href":"https:\/\/api.w.org\/{rel}","templated":true}]}}