{"id":44131,"date":"2009-12-22T05:58:22","date_gmt":"2009-12-22T04:58:22","guid":{"rendered":"http:\/\/www.schoene-nachrichten.de\/?p=44131"},"modified":"2009-12-22T08:58:49","modified_gmt":"2009-12-22T07:58:49","slug":"neu-im-kino-lieber-verliebt-kinostart-31-12-09","status":"publish","type":"post","link":"https:\/\/www.fuldaernachrichten.de\/?p=44131","title":{"rendered":"Neu im Kino: Lieber verliebt &#8211; Kinostart 31.12.09"},"content":{"rendered":"<p><strong><a href=\"http:\/\/www.schoene-nachrichten.de\/wp-content\/uploads\/2009\/11\/091104_Verliebt.jpg\"><img fetchpriority=\"high\" decoding=\"async\" class=\"alignleft size-thumbnail wp-image-44132\" title=\"091104_Verliebt\" src=\"http:\/\/www.schoene-nachrichten.de\/wp-content\/uploads\/2009\/11\/091104_Verliebt-265x378.jpg\" alt=\"091104_Verliebt\" width=\"265\" height=\"378\" srcset=\"https:\/\/www.fuldaernachrichten.de\/wp-content\/uploads\/2009\/11\/091104_Verliebt-265x378.jpg 265w, https:\/\/www.fuldaernachrichten.de\/wp-content\/uploads\/2009\/11\/091104_Verliebt.jpg 399w\" sizes=\"(max-width: 265px) 100vw, 265px\" \/><\/a>Kino.<\/strong> Noch vor kurzem f\u00fchrte Sandy (Catherine Zeta-Jones) ein beschauliches Leben als Vorstadt-Hausfrau und gl\u00fcckliche Mutter. Aber jetzt steht die attraktive 40-J\u00e4hrige pl\u00f6tzlich vor den Scherben ihrer Existenz: Ihr Mann (Sam Robards) hat eine Aff\u00e4re! Und Sandy ist alles andere als bereit, sich das bieten zu lassen. Hals \u00fcber Kopf schnappt sie sich ihre beiden Kinder und zieht nach New York. Doch ein neues Leben zu beginnen, ist leichter gesagt als getan. Wohin mit den Kids, w\u00e4hrend Sandy wieder arbeiten geht? Ein Babysitter muss her! Da trifft es sich gut, dass Aram (Justin Bartha), der smarte Kellner aus dem Coffee Shop um die Ecke, nicht nur ein verst\u00e4ndnisvoller Zuh\u00f6rer ist, sondern auch gut mit Kindern umgehen kann. Fortan k\u00fcmmert sich Aram f\u00fcrsorglich um Sandys Nachwuchs \u2013 und nebenbei auch immer \u00f6fter um deren fesche Mutti. Warum auch nicht? Sandy sieht gut aus, ist sexy und wieder zu haben. Dumm nur, dass Aram gerade mal 25 ist. Das kann doch gar nicht gut gehen, oder doch?<\/p>\n<p><strong>Kinostart:31.12.2009<\/strong><\/p>\n","protected":false},"excerpt":{"rendered":"<div class=\"tmnf_excerpt\"><p>Kino. Noch vor kurzem f\u00fchrte Sandy (Catherine Zeta-Jones) ein beschauliches Leben als Vorstadt-Hausfrau und gl\u00fcckliche Mutter. Aber jetzt steht die attraktive 40-J\u00e4hrige pl\u00f6tzlich vor den Scherben ihrer Existenz: Ihr Mann (Sam Robards) hat eine Aff\u00e4re! Und Sandy ist alles andere als bereit, sich das bieten zu lassen. Hals \u00fcber Kopf schnappt sie sich ihre beiden &hellip;<\/p>\n<\/div>","protected":false},"author":1,"featured_media":0,"comment_status":"closed","ping_status":"closed","sticky":false,"template":"","format":"standard","meta":{"footnotes":""},"categories":[1,79],"tags":[],"class_list":["post-44131","post","type-post","status-publish","format-standard","hentry","category-startseite","category-kino"],"_links":{"self":[{"href":"https:\/\/www.fuldaernachrichten.de\/index.php?rest_route=\/wp\/v2\/posts\/44131","targetHints":{"allow":["GET"]}}],"collection":[{"href":"https:\/\/www.fuldaernachrichten.de\/index.php?rest_route=\/wp\/v2\/posts"}],"about":[{"href":"https:\/\/www.fuldaernachrichten.de\/index.php?rest_route=\/wp\/v2\/types\/post"}],"author":[{"embeddable":true,"href":"https:\/\/www.fuldaernachrichten.de\/index.php?rest_route=\/wp\/v2\/users\/1"}],"replies":[{"embeddable":true,"href":"https:\/\/www.fuldaernachrichten.de\/index.php?rest_route=%2Fwp%2Fv2%2Fcomments&post=44131"}],"version-history":[{"count":5,"href":"https:\/\/www.fuldaernachrichten.de\/index.php?rest_route=\/wp\/v2\/posts\/44131\/revisions"}],"predecessor-version":[{"id":48358,"href":"https:\/\/www.fuldaernachrichten.de\/index.php?rest_route=\/wp\/v2\/posts\/44131\/revisions\/48358"}],"wp:attachment":[{"href":"https:\/\/www.fuldaernachrichten.de\/index.php?rest_route=%2Fwp%2Fv2%2Fmedia&parent=44131"}],"wp:term":[{"taxonomy":"category","embeddable":true,"href":"https:\/\/www.fuldaernachrichten.de\/index.php?rest_route=%2Fwp%2Fv2%2Fcategories&post=44131"},{"taxonomy":"post_tag","embeddable":true,"href":"https:\/\/www.fuldaernachrichten.de\/index.php?rest_route=%2Fwp%2Fv2%2Ftags&post=44131"}],"curies":[{"name":"wp","href":"https:\/\/api.w.org\/{rel}","templated":true}]}}