{"id":43973,"date":"2009-11-05T05:00:23","date_gmt":"2009-11-05T04:00:23","guid":{"rendered":"http:\/\/www.schoene-nachrichten.de\/?p=43973"},"modified":"2009-11-05T07:19:39","modified_gmt":"2009-11-05T06:19:39","slug":"anderssein-bei-adoptivkindern-durch-herkunft-familie-oder-hautfarbe-informationsveranstaltung-der-adoptionsvermittlungsstelle-im-huenfelder-bonifatiuskloster","status":"publish","type":"post","link":"https:\/\/www.fuldaernachrichten.de\/?p=43973","title":{"rendered":"Anderssein bei Adoptivkindern durch Herkunft, Familie oder Hautfarbe \/ Informationsveranstaltung der Adoptionsvermittlungsstelle im H\u00fcnfelder Bonifatiuskloster"},"content":{"rendered":"<p><strong>H\u00fcnfeld.<\/strong> Identit\u00e4tsbildung bei Adoptivkindern war das Thema einer Informationsveranstaltung, zu der die gemeinsamen Adoptionsvermittlungsstelle der Landkreise Fulda und Hersfeld-Rotenburg sowie der Stadt Fulda in das Bonifatiuskloster nach H\u00fcnfeld eingeladen hatte. Die Familientherapeutin und Ethnologin Dr. Nischak aus T\u00fcbingen arbeitete mit den Teilnehmern zu kulturellen Unterschieden zwischen Adoptivkindern und Adoptiveltern. Hierbei ging es um die Frage nach den Voraussetzungen, damit der Prozess der Identit\u00e4tsbildung bei Adoptivkindern positiv verl\u00e4uft.<!--more--><\/p>\n<p>Als entscheidenden Faktor f\u00fcr eine positive Identit\u00e4tsbildung nannte sie, dass kulturelle Identit\u00e4t erlernt werde. Wenn es gelinge, kulturelle Verschiedenheit in der Familie zu akzeptieren und mit dieser Offenheit, Wertsch\u00e4tzung und Toleranz zu begegnen, dann bedeute Anderssein Bereicherung und f\u00fchre zum Wachstum innerhalb der Familie.<\/p>\n<p>Ines George und Irmgard Pappert von der gemeinsamen Adoptionsvermittlungsstelle berichteten, dass sowohl Jugendliche und junge Erwachsene als auch alte Menschen die Adoptionsberatung aufsuchten, um nach ihrer Herkunft zu forschen. Identit\u00e4tsbildung sei eine Entwicklungsaufgabe f\u00fcr jeden Menschen. Die Frage nach der eigenen Identit\u00e4t werde in der Pubert\u00e4t und Adoleszenz virulent, bleibe jedoch ein lebenslanger Prozess. Bei adoptierten Kindern und Jugendlichen k\u00e4men jedoch weitere Aufgaben wie die Auseinandersetzung mit zwei Kulturen sowie das Erleben der Andersartigkeit in Aussehen, Charakter oder Hautfarbe hinzu.<\/p>\n","protected":false},"excerpt":{"rendered":"<div class=\"tmnf_excerpt\"><p>H\u00fcnfeld. Identit\u00e4tsbildung bei Adoptivkindern war das Thema einer Informationsveranstaltung, zu der die gemeinsamen Adoptionsvermittlungsstelle der Landkreise Fulda und Hersfeld-Rotenburg sowie der Stadt Fulda in das Bonifatiuskloster nach H\u00fcnfeld eingeladen hatte. Die Familientherapeutin und Ethnologin Dr. Nischak aus T\u00fcbingen arbeitete mit den Teilnehmern zu kulturellen Unterschieden zwischen Adoptivkindern und Adoptiveltern. Hierbei ging es um die Frage &hellip;<\/p>\n<\/div>","protected":false},"author":1,"featured_media":0,"comment_status":"closed","ping_status":"closed","sticky":false,"template":"","format":"standard","meta":{"footnotes":""},"categories":[1,72],"tags":[],"class_list":["post-43973","post","type-post","status-publish","format-standard","hentry","category-startseite","category-jugend"],"_links":{"self":[{"href":"https:\/\/www.fuldaernachrichten.de\/index.php?rest_route=\/wp\/v2\/posts\/43973","targetHints":{"allow":["GET"]}}],"collection":[{"href":"https:\/\/www.fuldaernachrichten.de\/index.php?rest_route=\/wp\/v2\/posts"}],"about":[{"href":"https:\/\/www.fuldaernachrichten.de\/index.php?rest_route=\/wp\/v2\/types\/post"}],"author":[{"embeddable":true,"href":"https:\/\/www.fuldaernachrichten.de\/index.php?rest_route=\/wp\/v2\/users\/1"}],"replies":[{"embeddable":true,"href":"https:\/\/www.fuldaernachrichten.de\/index.php?rest_route=%2Fwp%2Fv2%2Fcomments&post=43973"}],"version-history":[{"count":4,"href":"https:\/\/www.fuldaernachrichten.de\/index.php?rest_route=\/wp\/v2\/posts\/43973\/revisions"}],"predecessor-version":[{"id":44156,"href":"https:\/\/www.fuldaernachrichten.de\/index.php?rest_route=\/wp\/v2\/posts\/43973\/revisions\/44156"}],"wp:attachment":[{"href":"https:\/\/www.fuldaernachrichten.de\/index.php?rest_route=%2Fwp%2Fv2%2Fmedia&parent=43973"}],"wp:term":[{"taxonomy":"category","embeddable":true,"href":"https:\/\/www.fuldaernachrichten.de\/index.php?rest_route=%2Fwp%2Fv2%2Fcategories&post=43973"},{"taxonomy":"post_tag","embeddable":true,"href":"https:\/\/www.fuldaernachrichten.de\/index.php?rest_route=%2Fwp%2Fv2%2Ftags&post=43973"}],"curies":[{"name":"wp","href":"https:\/\/api.w.org\/{rel}","templated":true}]}}