{"id":43950,"date":"2009-11-04T05:36:37","date_gmt":"2009-11-04T04:36:37","guid":{"rendered":"http:\/\/www.schoene-nachrichten.de\/?p=43950"},"modified":"2009-11-04T07:42:12","modified_gmt":"2009-11-04T06:42:12","slug":"institut-fuer-radioonkologiestrahlentherapie-klinikum-fulda-zukuenftig-auch-am-klinikum-bad-hersfeld","status":"publish","type":"post","link":"https:\/\/www.fuldaernachrichten.de\/?p=43950","title":{"rendered":"Institut f\u00fcr Radioonkologie\/Strahlentherapie Klinikum Fulda zuk\u00fcnftig auch am Klinikum Bad Hersfeld"},"content":{"rendered":"<p><a href=\"http:\/\/www.schoene-nachrichten.de\/wp-content\/uploads\/2009\/11\/091104_Klinikum3.jpg\"><img fetchpriority=\"high\" decoding=\"async\" class=\"alignleft size-full wp-image-43954\" title=\"091104_Klinikum3\" src=\"http:\/\/www.schoene-nachrichten.de\/wp-content\/uploads\/2009\/11\/091104_Klinikum3.jpg\" alt=\"091104_Klinikum3\" width=\"592\" height=\"325\" srcset=\"https:\/\/www.fuldaernachrichten.de\/wp-content\/uploads\/2009\/11\/091104_Klinikum3.jpg 592w, https:\/\/www.fuldaernachrichten.de\/wp-content\/uploads\/2009\/11\/091104_Klinikum3-265x145.jpg 265w\" sizes=\"(max-width: 592px) 100vw, 592px\" \/><\/a><\/p>\n<p>Bad Hersfeld. Das Institut f\u00fcr Radioonkologie\/ Strahlentherapie des Klinikums Fulda wird ab Januar 2010 einen zus\u00e4tzlichen Standort am Klinikum Bad Hersfeld betreiben. Derzeit laufen die Planungen und Umbauma\u00dfnahmen auf vollen Touren.\u00c2\u00a0 Vor diesem Hintergrund wurde gestern ein hochmoderner Linearbeschleuniger der neuesten Generation im Klinikum Bad Hersfeld angeliefert und installiert.<!--more--><\/p>\n<p>Die Indikation zur Strahlentherapie hat in den letzten Jahren in den Behandlungskonzepten\u00c2\u00a0 von Mehrfacherkrankungen deutlich zugenommen. In dem gemeinsamen Einzugsgebiet von Fulda und Bad Hersfeld besteht beispielsweise bei 60% der onkologischen\u00c2\u00a0 Patienten die Notwendigkeit zur Strahlentherapie. Die Kapazit\u00e4ten der beiden bereits im Klinikum Fulda vorhandenen Linearbeschleuniger lassen sich jedoch \u00c2\u00a0nicht mehr steigern. Zur Abdeckung des Versorgungsgebietes und zur Bereitstellung wohnortnaher radioonkologischer und strahlentherapeutischer Therapiem\u00f6glichkeiten ist deshalb die Aufstellung eines \u00c2\u00a0dritten Beschleunigers am Standort Bad Hersfeld \u00c2\u00a0erforderlich.<\/p>\n<p><a href=\"http:\/\/www.schoene-nachrichten.de\/wp-content\/uploads\/2009\/11\/091104_Klinikum1.jpg\"><img decoding=\"async\" class=\"alignleft size-thumbnail wp-image-43952\" title=\"091104_Klinikum1\" src=\"http:\/\/www.schoene-nachrichten.de\/wp-content\/uploads\/2009\/11\/091104_Klinikum1-265x399.jpg\" alt=\"091104_Klinikum1\" width=\"265\" height=\"399\" srcset=\"https:\/\/www.fuldaernachrichten.de\/wp-content\/uploads\/2009\/11\/091104_Klinikum1-265x399.jpg 265w, https:\/\/www.fuldaernachrichten.de\/wp-content\/uploads\/2009\/11\/091104_Klinikum1.jpg 399w\" sizes=\"(max-width: 265px) 100vw, 265px\" \/><\/a>Dieser 1,4 Mio. Euro teure Linearbeschleuniger ist ein Ger\u00e4t der neuesten Generation. Er \u00c2\u00a0erm\u00f6glicht die Bestrahlung mit hochenergetischen R\u00f6ntgenstrahlen und Elektronen und ist zur individuellen Anpassung der Bestrahlungsfelder f\u00fcr die Hochpr\u00e4zisionsstrahlentherapie geeignet. \u201eDamit k\u00f6nnen am Standort Bad Hersfeld alle modernen und innovativen perkutanen Bestrahlungstechniken durchgef\u00fchrt werden\u201c, erl\u00e4uterte Prof. Dr. Horst J\u00fcrgen Feldmann, Direktor des Instituts f\u00fcr Radioonkologie\/ Strahlentherapie.<\/p>\n<p>Diese neue regionale Kooperation wurde durch die F\u00f6rderung der Bauma\u00dfnahmen durch das Hessische Sozialministerium m\u00f6glich und entspricht dem politischen Auftrag, die Krankenhausstrukturen der Regionen miteinander zu vernetzen. \u201eDies ist der erste Schritt einer strukturierten interdisziplin\u00e4ren Zusammenarbeit beider Krankenh\u00e4user zur Sicherung einer fl\u00e4chendeckenden qualitativ hochwertigen Versorgung der Patienten in Osthessen\u201c, bekr\u00e4ftigten Harald Jeguschke, Vorstand des Klinikums Fulda und Martin K\u00f6dding, Gesch\u00e4ftsf\u00fchrer des Klinikums Bad Hersfeld.<\/p>\n<p>Gruppenfoto v.li. Prof. Dr. Feldmann, Harald Jeguschke, Martin K\u00f6dding, Reinert, Michael Reinert, Hajo Weitmann<\/p>\n","protected":false},"excerpt":{"rendered":"<div class=\"tmnf_excerpt\"><p>Bad Hersfeld. Das Institut f\u00fcr Radioonkologie\/ Strahlentherapie des Klinikums Fulda wird ab Januar 2010 einen zus\u00e4tzlichen Standort am Klinikum Bad Hersfeld betreiben. Derzeit laufen die Planungen und Umbauma\u00dfnahmen auf vollen Touren.\u00c2\u00a0 Vor diesem Hintergrund wurde gestern ein hochmoderner Linearbeschleuniger der neuesten Generation im Klinikum Bad Hersfeld angeliefert und installiert.<\/p>\n<\/div>","protected":false},"author":1,"featured_media":0,"comment_status":"closed","ping_status":"closed","sticky":false,"template":"","format":"standard","meta":{"footnotes":""},"categories":[1,51,78],"tags":[],"class_list":["post-43950","post","type-post","status-publish","format-standard","hentry","category-startseite","category-medizin","category-topthema"],"_links":{"self":[{"href":"https:\/\/www.fuldaernachrichten.de\/index.php?rest_route=\/wp\/v2\/posts\/43950","targetHints":{"allow":["GET"]}}],"collection":[{"href":"https:\/\/www.fuldaernachrichten.de\/index.php?rest_route=\/wp\/v2\/posts"}],"about":[{"href":"https:\/\/www.fuldaernachrichten.de\/index.php?rest_route=\/wp\/v2\/types\/post"}],"author":[{"embeddable":true,"href":"https:\/\/www.fuldaernachrichten.de\/index.php?rest_route=\/wp\/v2\/users\/1"}],"replies":[{"embeddable":true,"href":"https:\/\/www.fuldaernachrichten.de\/index.php?rest_route=%2Fwp%2Fv2%2Fcomments&post=43950"}],"version-history":[{"count":2,"href":"https:\/\/www.fuldaernachrichten.de\/index.php?rest_route=\/wp\/v2\/posts\/43950\/revisions"}],"predecessor-version":[{"id":43955,"href":"https:\/\/www.fuldaernachrichten.de\/index.php?rest_route=\/wp\/v2\/posts\/43950\/revisions\/43955"}],"wp:attachment":[{"href":"https:\/\/www.fuldaernachrichten.de\/index.php?rest_route=%2Fwp%2Fv2%2Fmedia&parent=43950"}],"wp:term":[{"taxonomy":"category","embeddable":true,"href":"https:\/\/www.fuldaernachrichten.de\/index.php?rest_route=%2Fwp%2Fv2%2Fcategories&post=43950"},{"taxonomy":"post_tag","embeddable":true,"href":"https:\/\/www.fuldaernachrichten.de\/index.php?rest_route=%2Fwp%2Fv2%2Ftags&post=43950"}],"curies":[{"name":"wp","href":"https:\/\/api.w.org\/{rel}","templated":true}]}}