{"id":43926,"date":"2009-11-04T05:20:26","date_gmt":"2009-11-04T04:20:26","guid":{"rendered":"http:\/\/www.schoene-nachrichten.de\/?p=43926"},"modified":"2009-11-04T07:20:40","modified_gmt":"2009-11-04T06:20:40","slug":"vortraege-begleiten-mediana-ausstellung-bei-der-uewag-buergermeister-dr-dippel-und-dipl-betriebswirt-czapek-referieren","status":"publish","type":"post","link":"https:\/\/www.fuldaernachrichten.de\/?p=43926","title":{"rendered":"Vortr\u00e4ge begleiten Mediana-Ausstellung bei der \u00dcWAG &#8211; B\u00fcrgermeister Dr. Dippel und Dipl.-Betriebswirt Czapek referieren"},"content":{"rendered":"<p><strong>Fulda.<\/strong> Zu einem Aktionstag im Rahmen der Ausstellung \u201eLebensfreude im Mehrgenerationenhaus \u2013 Mediana als Impulsgeber des Generationenkonzepts\u201c l\u00e4dt die \u00dcberlandwerk Fulda Aktiengesellschaft (\u00dcWAG) am Montag, 9. November 2009, um 18:00 Uhr ins \u00dcWAG-Kundenzentrum ein. Zwei interessante Vortr\u00e4ge warten auf die Besucher.<!--more--><\/p>\n<p><strong>\u201eFulda \u2013 lebenswert f\u00fcr alle Generationen\u201c<\/strong><\/p>\n<p>Zum Thema \u201eFulda \u2013 lebenswert f\u00fcr alle Generationen\u201c spricht der Fuldaer B\u00fcrgermeister Dr. Wolfgang Dippel. \u201eIst jetzt Morgen oder Abend? \u2013 Lichtkonzepte in der modernen Seniorenbetreuung\u201c lautet der Vortrag von Dipl.-Betriebswirt Jens Czapek, Heimleiter des Mediana Pflegestifts. Leichte klassische Musik umrahmt den Aktionstag, bei dem au\u00dferdem Gelegenheit zu einem Rundgang durch die laufende Ausstellung besteht.<\/p>\n<p>Die Pr\u00e4sentation stellt anhand von Bildern das Mehrgenerationenhaus im Quartier Fulda-Josefsgarten vor, informiert \u00fcber die Angebote der Mediana-Unternehmensgruppe und gibt Einblicke in das generationen\u00fcbergreifende Miteinander. Bis zum 21. November 2009 ist die Ausstellung \u201eLebensfreude im Mehrgenerationenhaus \u2013 Mediana als Impulsgeber des Generationenkonzepts\u201c im \u00dcWAG-Kundenzentrum zu den gewohnten \u00d6ffnungszeiten kostenlos zug\u00e4nglich: montags bis freitags von 09:00 bis 19:00 Uhr und samstags von 09:00 bis 13:00 Uhr.<\/p>\n","protected":false},"excerpt":{"rendered":"<div class=\"tmnf_excerpt\"><p>Fulda. Zu einem Aktionstag im Rahmen der Ausstellung \u201eLebensfreude im Mehrgenerationenhaus \u2013 Mediana als Impulsgeber des Generationenkonzepts\u201c l\u00e4dt die \u00dcberlandwerk Fulda Aktiengesellschaft (\u00dcWAG) am Montag, 9. November 2009, um 18:00 Uhr ins \u00dcWAG-Kundenzentrum ein. Zwei interessante Vortr\u00e4ge warten auf die Besucher.<\/p>\n<\/div>","protected":false},"author":1,"featured_media":0,"comment_status":"closed","ping_status":"closed","sticky":false,"template":"","format":"standard","meta":{"footnotes":""},"categories":[1,53,44,29],"tags":[],"class_list":["post-43926","post","type-post","status-publish","format-standard","hentry","category-startseite","category-bildung","category-kultur","category-politik"],"_links":{"self":[{"href":"https:\/\/www.fuldaernachrichten.de\/index.php?rest_route=\/wp\/v2\/posts\/43926","targetHints":{"allow":["GET"]}}],"collection":[{"href":"https:\/\/www.fuldaernachrichten.de\/index.php?rest_route=\/wp\/v2\/posts"}],"about":[{"href":"https:\/\/www.fuldaernachrichten.de\/index.php?rest_route=\/wp\/v2\/types\/post"}],"author":[{"embeddable":true,"href":"https:\/\/www.fuldaernachrichten.de\/index.php?rest_route=\/wp\/v2\/users\/1"}],"replies":[{"embeddable":true,"href":"https:\/\/www.fuldaernachrichten.de\/index.php?rest_route=%2Fwp%2Fv2%2Fcomments&post=43926"}],"version-history":[{"count":3,"href":"https:\/\/www.fuldaernachrichten.de\/index.php?rest_route=\/wp\/v2\/posts\/43926\/revisions"}],"predecessor-version":[{"id":43932,"href":"https:\/\/www.fuldaernachrichten.de\/index.php?rest_route=\/wp\/v2\/posts\/43926\/revisions\/43932"}],"wp:attachment":[{"href":"https:\/\/www.fuldaernachrichten.de\/index.php?rest_route=%2Fwp%2Fv2%2Fmedia&parent=43926"}],"wp:term":[{"taxonomy":"category","embeddable":true,"href":"https:\/\/www.fuldaernachrichten.de\/index.php?rest_route=%2Fwp%2Fv2%2Fcategories&post=43926"},{"taxonomy":"post_tag","embeddable":true,"href":"https:\/\/www.fuldaernachrichten.de\/index.php?rest_route=%2Fwp%2Fv2%2Ftags&post=43926"}],"curies":[{"name":"wp","href":"https:\/\/api.w.org\/{rel}","templated":true}]}}