{"id":43919,"date":"2009-11-04T05:50:31","date_gmt":"2009-11-04T04:50:31","guid":{"rendered":"http:\/\/www.schoene-nachrichten.de\/?p=43919"},"modified":"2009-11-04T07:23:42","modified_gmt":"2009-11-04T06:23:42","slug":"14-fuldaer-elektrotechnik-kolloquium-photovoltaik-wieviel-energie-steckt-in-der-sonne","status":"publish","type":"post","link":"https:\/\/www.fuldaernachrichten.de\/?p=43919","title":{"rendered":"14. Fuldaer Elektrotechnik-Kolloquium &#8211; Photovoltaik \u2013 Wieviel Energie steckt in der Sonne ?"},"content":{"rendered":"<p><a href=\"http:\/\/www.schoene-nachrichten.de\/wp-content\/uploads\/2009\/11\/sonne_dlr.jpg\"><img fetchpriority=\"high\" decoding=\"async\" class=\"alignnone size-thumbnail wp-image-43920\" title=\"Bildquelle: DLR (Rechtefrei)\" src=\"http:\/\/www.schoene-nachrichten.de\/wp-content\/uploads\/2009\/11\/sonne_dlr-265x256.jpg\" alt=\"Bildquelle: DLR (Rechtefrei)\" hspace=\"5\" width=\"265\" height=\"256\" align=\"left\" srcset=\"https:\/\/www.fuldaernachrichten.de\/wp-content\/uploads\/2009\/11\/sonne_dlr-265x256.jpg 265w, https:\/\/www.fuldaernachrichten.de\/wp-content\/uploads\/2009\/11\/sonne_dlr.jpg 619w\" sizes=\"(max-width: 265px) 100vw, 265px\" \/><\/a><strong>Fulda. <\/strong>Nachwachsende Rohstoffe, regenerative Energie \u2013 seit Jahren bestimmen diese Begriffe die Diskussion um unsere k\u00fcnftige Energiepolitik. Doch was \u00fcberhaupt technisch machbar ist und welche Potenziale gerade im Solarbereich stecken, will das 14. Fuldaer Elektrotechnik-Kolloquium kl\u00e4ren. Am 6. November steht die Photovoltaik ganz im Zentrum der Veranstaltung, die von der Hochschule Fulda und dem F\u00f6rderkreis des Fachbereichs Elektrotechnik und Informationstechnik organisiert wird. In Mitteleuropa liegt die mittlere j\u00e4hrliche Sonneneinstrahlung bei rund 1000 Kilowattstunden pro Quadratmeter. Dies entspricht einem Energiegehalt von etwa 100 Litern \u00d6l.<!--more--><\/p>\n<p><strong>Branche wird weiter wachsen<\/strong><\/p>\n<p>Daher, so die Absichten des Wissenschaftlichen Beirats der Bundesregierung, soll die Sonnenenergie zum wichtigsten Prim\u00e4renergietr\u00e4ger der Zukunft werden. Schon heute l\u00f6st diese Entwicklung einen betr\u00e4chtlichen Besch\u00e4ftigungszuwachs aus. Die Branche beklagt den ersten Fachkr\u00e4fte- und Ingenieurmangel. Deshalb sollen in Fulda die Bedeutung dieser Branche und der Technologie, deren Potenziale und Innovationskraft im Mittelpunkt stehen.<\/p>\n<p>\u00dcber \u201eGrundlagen und Potenziale der Photovoltaik\u201c referiert Thomas Glotzbach vom Institut f\u00fcr Solare Energieversorgungstechnik an der Universit\u00e4t Kassel. Jan Ringelstein vom ISET in Kassel erl\u00e4utert das \u201eBidirektionale Energiemanagement f\u00fcr Lasten und dezentrale Erzeuger\u201c bevor Martin Sabban von der SMA Solar Technology AG in nordhessischen Niestetal\u00c2\u00a0 \u201eLeistungselektronische Systemtechnik f\u00fcr Photovoltaik-Anlagen\u201c vorstellt. Am Ende der Veranstaltung verleiht der VDE Rhein-Main die Friedrich-Dessauer-Stiftungspreise f\u00fcr herausragende Diplomarbeiten am Fuldaer Fachbereich Elektrotechnik und Informationstechnik.<\/p>\n<p>Das Elektrotechnik-Kolloquium wird am 6. November um 13.30 Uhr vom Pr\u00e4sidenten der Hochschule, Prof. Dr. Karim Khakzar, und dem Vorsitzenden des FET-F\u00f6rderkreises, Dipl.-Ing. Bernhard Juchheim, er\u00f6ffnet. Die Veranstaltung ist kostenfrei. Interessierte, G\u00e4ste und Studenten sind herzlich Willkommen.<\/p>\n<p>Das Kolloquium findet in der Hochschule Fulda, Marquardstr. 35 und dort im Geb\u00e4ude K und im H\u00f6rsaal 115 statt. Die Veranstaltung endet gegen 18 Uhr.<\/p>\n","protected":false},"excerpt":{"rendered":"<div class=\"tmnf_excerpt\"><p>Fulda. Nachwachsende Rohstoffe, regenerative Energie \u2013 seit Jahren bestimmen diese Begriffe die Diskussion um unsere k\u00fcnftige Energiepolitik. Doch was \u00fcberhaupt technisch machbar ist und welche Potenziale gerade im Solarbereich stecken, will das 14. Fuldaer Elektrotechnik-Kolloquium kl\u00e4ren. Am 6. November steht die Photovoltaik ganz im Zentrum der Veranstaltung, die von der Hochschule Fulda und dem F\u00f6rderkreis &hellip;<\/p>\n<\/div>","protected":false},"author":1,"featured_media":0,"comment_status":"closed","ping_status":"closed","sticky":false,"template":"","format":"standard","meta":{"footnotes":""},"categories":[1,53,52,48],"tags":[],"class_list":["post-43919","post","type-post","status-publish","format-standard","hentry","category-startseite","category-bildung","category-umwelt","category-forschung"],"_links":{"self":[{"href":"https:\/\/www.fuldaernachrichten.de\/index.php?rest_route=\/wp\/v2\/posts\/43919","targetHints":{"allow":["GET"]}}],"collection":[{"href":"https:\/\/www.fuldaernachrichten.de\/index.php?rest_route=\/wp\/v2\/posts"}],"about":[{"href":"https:\/\/www.fuldaernachrichten.de\/index.php?rest_route=\/wp\/v2\/types\/post"}],"author":[{"embeddable":true,"href":"https:\/\/www.fuldaernachrichten.de\/index.php?rest_route=\/wp\/v2\/users\/1"}],"replies":[{"embeddable":true,"href":"https:\/\/www.fuldaernachrichten.de\/index.php?rest_route=%2Fwp%2Fv2%2Fcomments&post=43919"}],"version-history":[{"count":3,"href":"https:\/\/www.fuldaernachrichten.de\/index.php?rest_route=\/wp\/v2\/posts\/43919\/revisions"}],"predecessor-version":[{"id":43938,"href":"https:\/\/www.fuldaernachrichten.de\/index.php?rest_route=\/wp\/v2\/posts\/43919\/revisions\/43938"}],"wp:attachment":[{"href":"https:\/\/www.fuldaernachrichten.de\/index.php?rest_route=%2Fwp%2Fv2%2Fmedia&parent=43919"}],"wp:term":[{"taxonomy":"category","embeddable":true,"href":"https:\/\/www.fuldaernachrichten.de\/index.php?rest_route=%2Fwp%2Fv2%2Fcategories&post=43919"},{"taxonomy":"post_tag","embeddable":true,"href":"https:\/\/www.fuldaernachrichten.de\/index.php?rest_route=%2Fwp%2Fv2%2Ftags&post=43919"}],"curies":[{"name":"wp","href":"https:\/\/api.w.org\/{rel}","templated":true}]}}