{"id":43913,"date":"2009-11-04T05:42:52","date_gmt":"2009-11-04T04:42:52","guid":{"rendered":"http:\/\/www.schoene-nachrichten.de\/?p=43913"},"modified":"2009-11-04T07:24:01","modified_gmt":"2009-11-04T06:24:01","slug":"ausstellung-zum-250-geburtstag-von-friedrich-von-schiller","status":"publish","type":"post","link":"https:\/\/www.fuldaernachrichten.de\/?p=43913","title":{"rendered":"Ausstellung zum 250. Geburtstag von Friedrich von Schiller"},"content":{"rendered":"<p><strong>Fulda. <\/strong>Neu erschienene Werke zu Schillers Leben und Werk zeigt die Hochschul- und Landesbibliothek (HLB) am Heinrich-von-Bibra-Platz vom 2. November bis 31. Dezember. Die Ausstellung erg\u00e4nzt die Literaturveranstaltung \u201eG\u00f6rner spricht Schiller\u201c am 13. November im F\u00fcrstensaal des Stadtschlosses. Insgesamt bietet die HLB Fulda Zugriff auf mehr als 450 Werke von und zu Friedrich von Schiller, darunter auch zahlreiche H\u00f6rb\u00fccher, Microfiche- und Online-Ausgaben. Die \u00d6ffnungszeiten sind montags bis donnerstags von 9.30 Uhr bis 17 Uhr, freitags 9.30 Uhr bis 18 Uhr sowie am Sa., 5. Dezember, von 9.30-12.30 Uhr. Der Eintritt ist frei.<\/p>\n","protected":false},"excerpt":{"rendered":"<div class=\"tmnf_excerpt\"><p>Fulda. Neu erschienene Werke zu Schillers Leben und Werk zeigt die Hochschul- und Landesbibliothek (HLB) am Heinrich-von-Bibra-Platz vom 2. November bis 31. Dezember. Die Ausstellung erg\u00e4nzt die Literaturveranstaltung \u201eG\u00f6rner spricht Schiller\u201c am 13. November im F\u00fcrstensaal des Stadtschlosses. Insgesamt bietet die HLB Fulda Zugriff auf mehr als 450 Werke von und zu Friedrich von Schiller, &hellip;<\/p>\n<\/div>","protected":false},"author":1,"featured_media":0,"comment_status":"closed","ping_status":"closed","sticky":false,"template":"","format":"standard","meta":{"footnotes":""},"categories":[1,53,48],"tags":[],"class_list":["post-43913","post","type-post","status-publish","format-standard","hentry","category-startseite","category-bildung","category-forschung"],"_links":{"self":[{"href":"https:\/\/www.fuldaernachrichten.de\/index.php?rest_route=\/wp\/v2\/posts\/43913","targetHints":{"allow":["GET"]}}],"collection":[{"href":"https:\/\/www.fuldaernachrichten.de\/index.php?rest_route=\/wp\/v2\/posts"}],"about":[{"href":"https:\/\/www.fuldaernachrichten.de\/index.php?rest_route=\/wp\/v2\/types\/post"}],"author":[{"embeddable":true,"href":"https:\/\/www.fuldaernachrichten.de\/index.php?rest_route=\/wp\/v2\/users\/1"}],"replies":[{"embeddable":true,"href":"https:\/\/www.fuldaernachrichten.de\/index.php?rest_route=%2Fwp%2Fv2%2Fcomments&post=43913"}],"version-history":[{"count":3,"href":"https:\/\/www.fuldaernachrichten.de\/index.php?rest_route=\/wp\/v2\/posts\/43913\/revisions"}],"predecessor-version":[{"id":43939,"href":"https:\/\/www.fuldaernachrichten.de\/index.php?rest_route=\/wp\/v2\/posts\/43913\/revisions\/43939"}],"wp:attachment":[{"href":"https:\/\/www.fuldaernachrichten.de\/index.php?rest_route=%2Fwp%2Fv2%2Fmedia&parent=43913"}],"wp:term":[{"taxonomy":"category","embeddable":true,"href":"https:\/\/www.fuldaernachrichten.de\/index.php?rest_route=%2Fwp%2Fv2%2Fcategories&post=43913"},{"taxonomy":"post_tag","embeddable":true,"href":"https:\/\/www.fuldaernachrichten.de\/index.php?rest_route=%2Fwp%2Fv2%2Ftags&post=43913"}],"curies":[{"name":"wp","href":"https:\/\/api.w.org\/{rel}","templated":true}]}}