{"id":43909,"date":"2009-11-04T05:40:28","date_gmt":"2009-11-04T04:40:28","guid":{"rendered":"http:\/\/www.schoene-nachrichten.de\/?p=43909"},"modified":"2009-11-04T07:21:49","modified_gmt":"2009-11-04T06:21:49","slug":"reservistenkameradschaft-burghaun-zu-gast-beim-bundesheer-in-oesterreich","status":"publish","type":"post","link":"https:\/\/www.fuldaernachrichten.de\/?p=43909","title":{"rendered":"Reservistenkameradschaft Burghaun zu Gast beim Bundesheer in \u00d6sterreich"},"content":{"rendered":"<p><strong>Burghaun.<\/strong> Die gute und kameradschaftliche Verbindung zur Unteroffiziersgesellschaft Wien f\u00fchrte die Reservistenkameradschaft Burghaun dieses Jahr erneut nach Wien. Die Reservistenkameradschaft Burghaun wurde diesmal durch den Hauptgefreiten d. R. Thomas Winter, den Unteroffizier d. R. Holger Rausch und den Stabsfeldwebel d. R. Franz Becker vertreten.<!--more--><\/p>\n<p><strong>Internationalit\u00e4t<\/strong><\/p>\n<p>Wie bereits in den Vorjahren nahmen die Kameraden dort am Einzel- und Mannschaftsvergleichsschie\u00dfen teil. Mannschaften aus 9 Nationen zeigten hier ihre Leistungsf\u00e4higkeit. Bei regnerischem Wetter dominierten bei dem am ersten Tag stattgefundenen Mannschaftswettkampf die Kameraden aus Tschechien mit gleich zwei vorderen\u00c2\u00a0 Pl\u00e4tzen. Die Litauer landeten auf dem 3.Platz. Mit einem guten 8. Platz und gleichzeitig die beste Reservistenmannschaft konnte die\u00c2\u00a0 Reservistenkameradschaft Burghaun sehr zufrieden sein. Insgesamt nahmen 41 Mannschaften am Mannschaftswettkampf teil.<\/p>\n<p>Am zweiten Tag fand das Einzelschie\u00dfen statt. Bei einem hochkar\u00e4tigen Teilnehmerfeld waren auch hier die Burghauner unter den Besten. In der Mitgliederwertung der UODW konnte Becker einen respektablen 4.Platz belegen.<\/p>\n<p>Wie immer hatte sich der Veranstalter, hier sei besonders der Wachtmeister Robert Eiserle erw\u00e4hnt, M\u00fche gegeben, ein zus\u00e4tzliches Begleitprogramm den Teilnehmern zu bieten. Ein Erlebnis war der Besuch des Pathologischen Museums. Auch der Besuch des Kaiserlichen Historischen Milit\u00e4rmuseums war sehr beeindruckend.<\/p>\n","protected":false},"excerpt":{"rendered":"<div class=\"tmnf_excerpt\"><p>Burghaun. Die gute und kameradschaftliche Verbindung zur Unteroffiziersgesellschaft Wien f\u00fchrte die Reservistenkameradschaft Burghaun dieses Jahr erneut nach Wien. Die Reservistenkameradschaft Burghaun wurde diesmal durch den Hauptgefreiten d. R. Thomas Winter, den Unteroffizier d. R. Holger Rausch und den Stabsfeldwebel d. R. Franz Becker vertreten.<\/p>\n<\/div>","protected":false},"author":1,"featured_media":0,"comment_status":"closed","ping_status":"closed","sticky":false,"template":"","format":"standard","meta":{"footnotes":""},"categories":[1,29],"tags":[],"class_list":["post-43909","post","type-post","status-publish","format-standard","hentry","category-startseite","category-politik"],"_links":{"self":[{"href":"https:\/\/www.fuldaernachrichten.de\/index.php?rest_route=\/wp\/v2\/posts\/43909","targetHints":{"allow":["GET"]}}],"collection":[{"href":"https:\/\/www.fuldaernachrichten.de\/index.php?rest_route=\/wp\/v2\/posts"}],"about":[{"href":"https:\/\/www.fuldaernachrichten.de\/index.php?rest_route=\/wp\/v2\/types\/post"}],"author":[{"embeddable":true,"href":"https:\/\/www.fuldaernachrichten.de\/index.php?rest_route=\/wp\/v2\/users\/1"}],"replies":[{"embeddable":true,"href":"https:\/\/www.fuldaernachrichten.de\/index.php?rest_route=%2Fwp%2Fv2%2Fcomments&post=43909"}],"version-history":[{"count":4,"href":"https:\/\/www.fuldaernachrichten.de\/index.php?rest_route=\/wp\/v2\/posts\/43909\/revisions"}],"predecessor-version":[{"id":43934,"href":"https:\/\/www.fuldaernachrichten.de\/index.php?rest_route=\/wp\/v2\/posts\/43909\/revisions\/43934"}],"wp:attachment":[{"href":"https:\/\/www.fuldaernachrichten.de\/index.php?rest_route=%2Fwp%2Fv2%2Fmedia&parent=43909"}],"wp:term":[{"taxonomy":"category","embeddable":true,"href":"https:\/\/www.fuldaernachrichten.de\/index.php?rest_route=%2Fwp%2Fv2%2Fcategories&post=43909"},{"taxonomy":"post_tag","embeddable":true,"href":"https:\/\/www.fuldaernachrichten.de\/index.php?rest_route=%2Fwp%2Fv2%2Ftags&post=43909"}],"curies":[{"name":"wp","href":"https:\/\/api.w.org\/{rel}","templated":true}]}}