{"id":43900,"date":"2009-11-04T05:50:04","date_gmt":"2009-11-04T04:50:04","guid":{"rendered":"http:\/\/www.schoene-nachrichten.de\/?p=43900"},"modified":"2009-11-04T07:22:16","modified_gmt":"2009-11-04T06:22:16","slug":"300-zugmeter-informationen-zu-wissenschaft-forschung-und-spitzentechnologie","status":"publish","type":"post","link":"https:\/\/www.fuldaernachrichten.de\/?p=43900","title":{"rendered":"300 Zugmeter Informationen zu Wissenschaft, Forschung und Spitzentechnologie"},"content":{"rendered":"<p><strong>Wiesbaden \/ Kassel.<\/strong> Der Ausstellungszug \u201eExpedition Zukunft \u2013 Science Express\u201c der Max-Planck-Gesellschaft ist nach den Worten von Staatsministerin Eva K\u00fchne-H\u00f6rmann ein wichtiger Beitrag zum Wissenschaftsjahr 2009. \u201eEs sind 300 Zugmeter kompakte Informationen zu Wissenschaft, Forschung und Spitzentechnologie. Das ist eine eindrucksvolle Leistungsschau dessen, was unsere Wissenschaftler bereits heute k\u00f6nnen, aber auch dessen, was sie in den n\u00e4chsten Jahrzehnten beherrschen wollen\u201c, sagte sie heute im Kulturbahnhof Kassel, wo der Zug zurzeit Halt macht. Die n\u00e4chsten Stationen in Hessen sind Limburg (5. bis 7. November), Wiesbaden (8. bis 10. November) und Marburg (15. bis 17. November).<!--more--><\/p>\n<p>\u201eExpedition Zukunft\u201c l\u00e4dt die Besucher ein, mitzureden \u00fcber den Umgang mit bekannten oder neuen, auch kontroversen Technologien und dar\u00fcber, wie wir auf die globalen Herausforderungen wie Klimawandel, Rohstoffmangel, medizinische Versorgung und fortschreitende Urbanisierung reagieren wollen. Dabei werden L\u00f6sungsans\u00e4tze aus Wissenschaft und Technik skizziert, zugleich aber auch die Chancen und Grenzen der Wissenschaft gezeigt. \u201eDieser Zug ist Ausdruck der hohen Leistungsf\u00e4higkeit unseres Hochtechnologiestandorts, mit der wir uns, auch unsere Wirtschaft, im internationalen Wettbewerb klar positionieren werden\u201c, sagte die Ministerin. Au\u00dferdem bietet die Schau eine M\u00f6glichkeit f\u00fcr Sch\u00fclerinnen und Sch\u00fcler, direkt mit Forschern in Kontakt treten: Wissenschaftler berichten in speziell f\u00fcr Sch\u00fcler konzipierten Vortr\u00e4gen aus ihren Arbeitsgebieten und diskutieren \u00fcber ihren Alltag und das Ringen um neue Erkenntnisse.<\/p>\n<p>Zw\u00f6lf Eisenbahnwagen geben Antworten zu den Fragen: Woher kommen wir? Wohin gehen wir? Wie wird die Welt in 20 Jahren aussehen? Wie werden wir dann wohl leben? Sicher ist: Wir k\u00f6nnen die globalen Herausforderungen nur mithilfe von neuem Wissen und neuen Technologien aus der Forschung bew\u00e4ltigen. Daher r\u00fcckt die Ausstellung aktuelle Spitzenforschung in den Vordergrund und zeigt das Potential der deutschen Forschungslandschaft, gerade in f\u00e4cher\u00fcbergreifenden Bereichen.<\/p>\n","protected":false},"excerpt":{"rendered":"<div class=\"tmnf_excerpt\"><p>Wiesbaden \/ Kassel. Der Ausstellungszug \u201eExpedition Zukunft \u2013 Science Express\u201c der Max-Planck-Gesellschaft ist nach den Worten von Staatsministerin Eva K\u00fchne-H\u00f6rmann ein wichtiger Beitrag zum Wissenschaftsjahr 2009. \u201eEs sind 300 Zugmeter kompakte Informationen zu Wissenschaft, Forschung und Spitzentechnologie. Das ist eine eindrucksvolle Leistungsschau dessen, was unsere Wissenschaftler bereits heute k\u00f6nnen, aber auch dessen, was sie in &hellip;<\/p>\n<\/div>","protected":false},"author":1,"featured_media":0,"comment_status":"closed","ping_status":"closed","sticky":false,"template":"","format":"standard","meta":{"footnotes":""},"categories":[1,48],"tags":[],"class_list":["post-43900","post","type-post","status-publish","format-standard","hentry","category-startseite","category-forschung"],"_links":{"self":[{"href":"https:\/\/www.fuldaernachrichten.de\/index.php?rest_route=\/wp\/v2\/posts\/43900","targetHints":{"allow":["GET"]}}],"collection":[{"href":"https:\/\/www.fuldaernachrichten.de\/index.php?rest_route=\/wp\/v2\/posts"}],"about":[{"href":"https:\/\/www.fuldaernachrichten.de\/index.php?rest_route=\/wp\/v2\/types\/post"}],"author":[{"embeddable":true,"href":"https:\/\/www.fuldaernachrichten.de\/index.php?rest_route=\/wp\/v2\/users\/1"}],"replies":[{"embeddable":true,"href":"https:\/\/www.fuldaernachrichten.de\/index.php?rest_route=%2Fwp%2Fv2%2Fcomments&post=43900"}],"version-history":[{"count":3,"href":"https:\/\/www.fuldaernachrichten.de\/index.php?rest_route=\/wp\/v2\/posts\/43900\/revisions"}],"predecessor-version":[{"id":43935,"href":"https:\/\/www.fuldaernachrichten.de\/index.php?rest_route=\/wp\/v2\/posts\/43900\/revisions\/43935"}],"wp:attachment":[{"href":"https:\/\/www.fuldaernachrichten.de\/index.php?rest_route=%2Fwp%2Fv2%2Fmedia&parent=43900"}],"wp:term":[{"taxonomy":"category","embeddable":true,"href":"https:\/\/www.fuldaernachrichten.de\/index.php?rest_route=%2Fwp%2Fv2%2Fcategories&post=43900"},{"taxonomy":"post_tag","embeddable":true,"href":"https:\/\/www.fuldaernachrichten.de\/index.php?rest_route=%2Fwp%2Fv2%2Ftags&post=43900"}],"curies":[{"name":"wp","href":"https:\/\/api.w.org\/{rel}","templated":true}]}}