{"id":43880,"date":"2009-11-04T05:30:33","date_gmt":"2009-11-04T04:30:33","guid":{"rendered":"http:\/\/www.schoene-nachrichten.de\/?p=43880"},"modified":"2009-11-04T07:30:10","modified_gmt":"2009-11-04T06:30:10","slug":"neue-kueche-im-dgh-rothenkirchen","status":"publish","type":"post","link":"https:\/\/www.fuldaernachrichten.de\/?p=43880","title":{"rendered":"Neue K\u00fcche im Dorfgemeinschaftshaus Rothenkirchen"},"content":{"rendered":"<p><a href=\"http:\/\/www.schoene-nachrichten.de\/wp-content\/uploads\/2009\/11\/091103_K\u00fcche.jpg\"><img fetchpriority=\"high\" decoding=\"async\" class=\"alignnone size-medium wp-image-43881\" title=\"091103_K\u00fcche\" src=\"http:\/\/www.schoene-nachrichten.de\/wp-content\/uploads\/2009\/11\/091103_K\u00fcche-265x198.jpg\" alt=\"091103_K\u00fcche\" hspace=\"5\" width=\"265\" height=\"198\" align=\"left\" \/><\/a><strong>Burghaun.<\/strong> B\u00fcrgermeister Alexander Hohmann und Thomas Kemler von der ausf\u00fchrenden Firma Portas aus Rothenkirchen freuten sich, am vergangenen Montag die neue K\u00fcche im Dorfgemeinschaftshaus in Rothenkirchen in Augenschein nehmen zu k\u00f6nnen. Die neue K\u00fcche des Dorfgemeinschaftshauses hat einen Gesamtwert von 15.000,- Euro und wurde dank F\u00f6rdermitteln aus dem Zukunftsinvestitionsprogramm des Bundes ohne Eigenmittel der Marktgemeinde Burghaun finanziert. Es wurde die gesamte K\u00fcche erneuert und renoviert, wodurch diese nun auch den Nutzungswert des Dorfgemeinschaftshauses erheblich steigert.<!--more--><\/p>\n<p>\u201eWichtig ist es der Marktgemeinde Burghaun, dass in den kommenden Wochen weiterhin zahlreiche Auftr\u00e4ge an heimische und regionale Betriebe vergeben werden k\u00f6nnen &#8211; hierzu nutzen wir insbesondere die h\u00f6heren Grenzbetr\u00e4ge f\u00fcr die freih\u00e4ndige Vergabe zielgerichtet aus\u201c, so B\u00fcrgermeister Hohmann. Die meisten der im Rahmen des Konjunkturprogramms vorgesehenen Ma\u00dfnahmen seien planerisch abgeschlossen oder bef\u00e4nden sich schon in der Ausschreibung, so dass f\u00fcr fast alle Ma\u00dfnahmen noch in diesem Jahr die ersten Beauftragungen erfolgen w\u00fcrden. Im ersten Halbjahr des kommenden Jahres w\u00fcrden dann die Bauma\u00dfnahmen zur Ausf\u00fchrung kommen.<\/p>\n","protected":false},"excerpt":{"rendered":"<div class=\"tmnf_excerpt\"><p>Burghaun. B\u00fcrgermeister Alexander Hohmann und Thomas Kemler von der ausf\u00fchrenden Firma Portas aus Rothenkirchen freuten sich, am vergangenen Montag die neue K\u00fcche im Dorfgemeinschaftshaus in Rothenkirchen in Augenschein nehmen zu k\u00f6nnen. Die neue K\u00fcche des Dorfgemeinschaftshauses hat einen Gesamtwert von 15.000,- Euro und wurde dank F\u00f6rdermitteln aus dem Zukunftsinvestitionsprogramm des Bundes ohne Eigenmittel der Marktgemeinde &hellip;<\/p>\n<\/div>","protected":false},"author":1,"featured_media":0,"comment_status":"closed","ping_status":"closed","sticky":false,"template":"","format":"standard","meta":{"footnotes":""},"categories":[1,44],"tags":[],"class_list":["post-43880","post","type-post","status-publish","format-standard","hentry","category-startseite","category-kultur"],"_links":{"self":[{"href":"https:\/\/www.fuldaernachrichten.de\/index.php?rest_route=\/wp\/v2\/posts\/43880","targetHints":{"allow":["GET"]}}],"collection":[{"href":"https:\/\/www.fuldaernachrichten.de\/index.php?rest_route=\/wp\/v2\/posts"}],"about":[{"href":"https:\/\/www.fuldaernachrichten.de\/index.php?rest_route=\/wp\/v2\/types\/post"}],"author":[{"embeddable":true,"href":"https:\/\/www.fuldaernachrichten.de\/index.php?rest_route=\/wp\/v2\/users\/1"}],"replies":[{"embeddable":true,"href":"https:\/\/www.fuldaernachrichten.de\/index.php?rest_route=%2Fwp%2Fv2%2Fcomments&post=43880"}],"version-history":[{"count":6,"href":"https:\/\/www.fuldaernachrichten.de\/index.php?rest_route=\/wp\/v2\/posts\/43880\/revisions"}],"predecessor-version":[{"id":43949,"href":"https:\/\/www.fuldaernachrichten.de\/index.php?rest_route=\/wp\/v2\/posts\/43880\/revisions\/43949"}],"wp:attachment":[{"href":"https:\/\/www.fuldaernachrichten.de\/index.php?rest_route=%2Fwp%2Fv2%2Fmedia&parent=43880"}],"wp:term":[{"taxonomy":"category","embeddable":true,"href":"https:\/\/www.fuldaernachrichten.de\/index.php?rest_route=%2Fwp%2Fv2%2Fcategories&post=43880"},{"taxonomy":"post_tag","embeddable":true,"href":"https:\/\/www.fuldaernachrichten.de\/index.php?rest_route=%2Fwp%2Fv2%2Ftags&post=43880"}],"curies":[{"name":"wp","href":"https:\/\/api.w.org\/{rel}","templated":true}]}}