{"id":43864,"date":"2009-11-04T05:24:21","date_gmt":"2009-11-04T04:24:21","guid":{"rendered":"http:\/\/www.schoene-nachrichten.de\/?p=43864"},"modified":"2009-11-04T07:24:28","modified_gmt":"2009-11-04T06:24:28","slug":"vortrag-mit-joachim-jenrich-ueber-den-vogel-des-jahes-2009","status":"publish","type":"post","link":"https:\/\/www.fuldaernachrichten.de\/?p=43864","title":{"rendered":"Vortrag mit Joachim Jenrich \u00fcber den Vogel des Jahes 2009"},"content":{"rendered":"<p><strong>Eichenzell.<\/strong> In Kooperation mit dem NABU Eichenzell bietet der Dipl. Biol. Joachim Jenrich vom Biosph\u00e4renreservat Rh\u00f6n am Montag, 16. November um 19.00 Uhr im Gasthof Kramer, Eichenzell, Fuldaerstr., einen Vortrag \u00fcber den Vogel des Jahres 2009, den Eisvogel, an. G\u00e4ste sind herzlich willkommen.<\/p>\n","protected":false},"excerpt":{"rendered":"<div class=\"tmnf_excerpt\"><p>Eichenzell. In Kooperation mit dem NABU Eichenzell bietet der Dipl. Biol. Joachim Jenrich vom Biosph\u00e4renreservat Rh\u00f6n am Montag, 16. November um 19.00 Uhr im Gasthof Kramer, Eichenzell, Fuldaerstr., einen Vortrag \u00fcber den Vogel des Jahres 2009, den Eisvogel, an. G\u00e4ste sind herzlich willkommen.<\/p>\n<\/div>","protected":false},"author":1,"featured_media":0,"comment_status":"closed","ping_status":"closed","sticky":false,"template":"","format":"standard","meta":{"footnotes":""},"categories":[1,52],"tags":[],"class_list":["post-43864","post","type-post","status-publish","format-standard","hentry","category-startseite","category-umwelt"],"_links":{"self":[{"href":"https:\/\/www.fuldaernachrichten.de\/index.php?rest_route=\/wp\/v2\/posts\/43864","targetHints":{"allow":["GET"]}}],"collection":[{"href":"https:\/\/www.fuldaernachrichten.de\/index.php?rest_route=\/wp\/v2\/posts"}],"about":[{"href":"https:\/\/www.fuldaernachrichten.de\/index.php?rest_route=\/wp\/v2\/types\/post"}],"author":[{"embeddable":true,"href":"https:\/\/www.fuldaernachrichten.de\/index.php?rest_route=\/wp\/v2\/users\/1"}],"replies":[{"embeddable":true,"href":"https:\/\/www.fuldaernachrichten.de\/index.php?rest_route=%2Fwp%2Fv2%2Fcomments&post=43864"}],"version-history":[{"count":3,"href":"https:\/\/www.fuldaernachrichten.de\/index.php?rest_route=\/wp\/v2\/posts\/43864\/revisions"}],"predecessor-version":[{"id":43940,"href":"https:\/\/www.fuldaernachrichten.de\/index.php?rest_route=\/wp\/v2\/posts\/43864\/revisions\/43940"}],"wp:attachment":[{"href":"https:\/\/www.fuldaernachrichten.de\/index.php?rest_route=%2Fwp%2Fv2%2Fmedia&parent=43864"}],"wp:term":[{"taxonomy":"category","embeddable":true,"href":"https:\/\/www.fuldaernachrichten.de\/index.php?rest_route=%2Fwp%2Fv2%2Fcategories&post=43864"},{"taxonomy":"post_tag","embeddable":true,"href":"https:\/\/www.fuldaernachrichten.de\/index.php?rest_route=%2Fwp%2Fv2%2Ftags&post=43864"}],"curies":[{"name":"wp","href":"https:\/\/api.w.org\/{rel}","templated":true}]}}