{"id":43831,"date":"2009-11-03T05:52:25","date_gmt":"2009-11-03T04:52:25","guid":{"rendered":"http:\/\/www.schoene-nachrichten.de\/?p=43831"},"modified":"2009-11-03T06:52:34","modified_gmt":"2009-11-03T05:52:34","slug":"hessische-kultusministerin-dorothea-henzler-zu-gast-beim-netzwerk-bildung","status":"publish","type":"post","link":"https:\/\/www.fuldaernachrichten.de\/?p=43831","title":{"rendered":"Hessische Kultusministerin Dorothea Henzler zu Gast beim Netzwerk Bildung"},"content":{"rendered":"<p><a href=\"http:\/\/www.schoene-nachrichten.de\/wp-content\/uploads\/2009\/11\/091102_mittehessen_henzler.jpg\"><img decoding=\"async\" class=\"alignnone size-medium wp-image-43832\" src=\"http:\/\/www.schoene-nachrichten.de\/wp-content\/uploads\/2009\/11\/091102_mittehessen_henzler-265x140.jpg\" alt=\"091102_mittehessen_henzler\" hspace=\"5\" width=\"265\" height=\"140\" align=\"left\" srcset=\"https:\/\/www.fuldaernachrichten.de\/wp-content\/uploads\/2009\/11\/091102_mittehessen_henzler-265x140.jpg 265w, https:\/\/www.fuldaernachrichten.de\/wp-content\/uploads\/2009\/11\/091102_mittehessen_henzler.jpg 600w\" sizes=\"(max-width: 265px) 100vw, 265px\" \/><\/a><strong>Gie\u00dfen.<\/strong> \u201eWenn es um Bildung geht und Sie Verb\u00fcndete brauchen, stehen wir Ihnen als starkes Netzwerk zur Verf\u00fcgung\u201c Dr. Martin Pott brachte es am Ende des Abstimmungstreffens mit Hessens Kultusministerin Dorothea Henzler auf den Punkt, worum es dem ehrenamtlichen Leiter des Netzwerks Bildung im Verein MitteHessen geht: \u201eQualit\u00e4t, Erfahrung und erfolgreiche, vertrauensvolle Zusammenarbeit zeichnen uns aus\u201c, so Pott, hauptamtlicher Leiter der Gesch\u00e4ftsstelle Mittelhessen der Handwerkskammer Wiesbaden.<!--more--><\/p>\n<p><strong>Mittelhessen \u2013 stark in Bildung<\/strong><\/p>\n<p>Regierungspr\u00e4sident a.D. Wilfried Schmied, Vorsitzender von MitteHessen hatte die Staatsministerin begr\u00fc\u00dft und ihr die Arbeitsweise des Regionalmanagementvereins nahe gebracht: \u201eIn den Leitbereichen Bildung, Infrastruktur und Innovation st\u00e4rken wir die Region durch projektorientiertes Regionalmanagement. Dies passiert in Arbeitskreisen, in denen sich alle Mitglieder beteiligen k\u00f6nnen\u201c. Auf diese Weise habe das Netzwerk Bildung bereits das mittelhessische Weiterbildungsportal ins Leben gerufen und sich um den Erhalt von Berufsschulstandorten in der Region gek\u00fcmmert. \u201eDie Region mit der geringsten Jugendarbeitslosigkeit zu werden haben wir uns vorgenommen\u201c erg\u00e4nzte Dr. Pott, der deutlich machte, dass der Standortfaktor Bildung f\u00fcr Mittelhessen eminent wichtig ist. Angelika Berbuir, Leiterin der Arbeitsagentur Wetzlar erg\u00e4nzte, dass dieses Jahr in ihrem Bereich alle Lehrstellen vermittelt werden konnten und ein sehr hoher Versorgungsgrad herrsche. \u201eDies gelingt auch durch die gute Vernetzung \u2013 man kennt sich eben!\u201c verdeutlichte sie die nachhaltigen Vorteile der Bildungs-Runde, die sich zweimal im Jahr trifft.<\/p>\n<p>Dr. Pott betonte: \u201eWir sind eine starke Bildungsregion, angefangen von den drei Hochschulen, \u00fcber die Weiterbildung, die Schulen bis zu den Kindertagesst\u00e4tten. Und wir wollen noch besser werden.\u201c Zur Qualifizierung der Leitungen von Kinderg\u00e4rten gibt es dank des Netzwerks Bildung einen eigenen Bachelor-Studiengang bei StudiumPlus in Wetzlar. Hier haben vor Kurzem 14 Studentinnen ihre Ausbildung begonnen. \u201eDarauf sind wir stolz\u201c, so Prof. Dr. Ulrich Vossebein von der Fachhochschule Gie\u00dfen-Friedberg, der besonders auf den Transfer zwischen Praxis, Fachhochschul-Know-How und p\u00e4dagogischen Elementen der Justus-Liebig-Universit\u00e4t hinwies \u2013 eine bundesweit einmalige Einrichtung, die sich an Erzieherinnen und Erzieher mit Berufserfahrung richte.<\/p>\n<p>Dorothea Henzler, die vom FDP-Landtagsabgeordneten Wolfgang Greilich begleitet wurde, berichtete \u00fcber ihre Planungen f\u00fcr \u201eselbstverantwortliche Schulen\u201c. Daraus ergebe sich die Notwendigkeit der Qualifizierung, erl\u00e4uterte die Kultusministerin, die ebenfalls gro\u00dfe St\u00fccke auf die Verzahnung von Einrichtungen h\u00e4lt, sei es zwischen Kindertagesst\u00e4tten und Grundschulen, aber auch zwischen Haupt- und Realschulen und Berufsschulen.<\/p>\n<p><strong>Henzler: \u201eIch werde an sie denken!\u201c<\/strong><\/p>\n<p>Von den Ergebnissen des Netzwerks Bildung zeigte Henzler sich beeindruckt und versprach zum Abschied: \u201eIch werde an sie denken.\u201c \u201eDer Grundstein f\u00fcr zuk\u00fcnftige strategische Partnerschaften wurde gelegt\u201c, war sich Wilfried Schmied sicher, der die Ministerin mit einem Blumenstrau\u00df verabschiedete.<\/p>\n<p><strong>\u00dcber MitteHessen:<\/strong><br \/>\n\u201eMittelhessen \u2013 wir wachsen zusammen!\u201c \u2013 dies ist das Motto von MitteHessen e.V., dem Regionalmanagement f\u00fcr Mittelhessen. Das Profil der Region wird durch Projekte in den Bereichen Innovation, Bildung und Infrastruktur gesch\u00e4rft. Der Verein bildet einen Schulterschluss aus Wirtschaft, Wissenschaft und Politik und besteht seit dem Jahr 2003. Zurzeit ziehen 90 St\u00e4dte, Landkreise, Kammern, Hochschulen und Unternehmen unter dem Vorsitz des Regierungspr\u00e4sidenten a. D. Wilfried Schmied bei MitteHessen an einem Strang.<\/p>\n","protected":false},"excerpt":{"rendered":"<div class=\"tmnf_excerpt\"><p>Gie\u00dfen. \u201eWenn es um Bildung geht und Sie Verb\u00fcndete brauchen, stehen wir Ihnen als starkes Netzwerk zur Verf\u00fcgung\u201c Dr. Martin Pott brachte es am Ende des Abstimmungstreffens mit Hessens Kultusministerin Dorothea Henzler auf den Punkt, worum es dem ehrenamtlichen Leiter des Netzwerks Bildung im Verein MitteHessen geht: \u201eQualit\u00e4t, Erfahrung und erfolgreiche, vertrauensvolle Zusammenarbeit zeichnen uns &hellip;<\/p>\n<\/div>","protected":false},"author":1,"featured_media":0,"comment_status":"closed","ping_status":"closed","sticky":false,"template":"","format":"standard","meta":{"footnotes":""},"categories":[1,29],"tags":[],"class_list":["post-43831","post","type-post","status-publish","format-standard","hentry","category-startseite","category-politik"],"_links":{"self":[{"href":"https:\/\/www.fuldaernachrichten.de\/index.php?rest_route=\/wp\/v2\/posts\/43831","targetHints":{"allow":["GET"]}}],"collection":[{"href":"https:\/\/www.fuldaernachrichten.de\/index.php?rest_route=\/wp\/v2\/posts"}],"about":[{"href":"https:\/\/www.fuldaernachrichten.de\/index.php?rest_route=\/wp\/v2\/types\/post"}],"author":[{"embeddable":true,"href":"https:\/\/www.fuldaernachrichten.de\/index.php?rest_route=\/wp\/v2\/users\/1"}],"replies":[{"embeddable":true,"href":"https:\/\/www.fuldaernachrichten.de\/index.php?rest_route=%2Fwp%2Fv2%2Fcomments&post=43831"}],"version-history":[{"count":2,"href":"https:\/\/www.fuldaernachrichten.de\/index.php?rest_route=\/wp\/v2\/posts\/43831\/revisions"}],"predecessor-version":[{"id":43840,"href":"https:\/\/www.fuldaernachrichten.de\/index.php?rest_route=\/wp\/v2\/posts\/43831\/revisions\/43840"}],"wp:attachment":[{"href":"https:\/\/www.fuldaernachrichten.de\/index.php?rest_route=%2Fwp%2Fv2%2Fmedia&parent=43831"}],"wp:term":[{"taxonomy":"category","embeddable":true,"href":"https:\/\/www.fuldaernachrichten.de\/index.php?rest_route=%2Fwp%2Fv2%2Fcategories&post=43831"},{"taxonomy":"post_tag","embeddable":true,"href":"https:\/\/www.fuldaernachrichten.de\/index.php?rest_route=%2Fwp%2Fv2%2Ftags&post=43831"}],"curies":[{"name":"wp","href":"https:\/\/api.w.org\/{rel}","templated":true}]}}