{"id":43826,"date":"2009-11-03T06:08:52","date_gmt":"2009-11-03T05:08:52","guid":{"rendered":"http:\/\/www.schoene-nachrichten.de\/?p=43826"},"modified":"2009-11-03T06:56:12","modified_gmt":"2009-11-03T05:56:12","slug":"unterbezirkskonferenz-waehlt-neuen-juso-vorstand","status":"publish","type":"post","link":"https:\/\/www.fuldaernachrichten.de\/?p=43826","title":{"rendered":"Unterbezirkskonferenz w\u00e4hlt neuen Juso-Vorstand"},"content":{"rendered":"<p><a href=\"http:\/\/www.schoene-nachrichten.de\/wp-content\/uploads\/2009\/11\/091103_Jusos.jpg\"><img decoding=\"async\" class=\"alignnone size-medium wp-image-43827\" title=\"091103_Jusos\" src=\"http:\/\/www.schoene-nachrichten.de\/wp-content\/uploads\/2009\/11\/091103_Jusos-265x143.jpg\" alt=\"091103_Jusos\" hspace=\"5\" width=\"265\" height=\"143\" align=\"left\" srcset=\"https:\/\/www.fuldaernachrichten.de\/wp-content\/uploads\/2009\/11\/091103_Jusos-265x143.jpg 265w, https:\/\/www.fuldaernachrichten.de\/wp-content\/uploads\/2009\/11\/091103_Jusos.jpg 600w\" sizes=\"(max-width: 265px) 100vw, 265px\" \/><\/a><strong>Fulda<\/strong>. Am vergangenen Donnerstag w\u00e4hlte die Unterbezirkskonferenz der Fuldaer Jusos im Gasthof Harth in Fulda einen neuen Vorstand und die Delegierten des SPD-Nachwuchses f\u00fcr Bezirks- und Landeskonferenzen. Nach Gru\u00dfworten der Landtagsabgeordneten und SPD-Unterbezirksvorsitzenden Sabine Waschke und des Juso-Bezirksvorsitzenden Pascal Barthel, in denen beide ihre Freude \u00fcber das starke Mitgliederwachstum der Fuldaer Jungsozialisten ausdr\u00fcckten, w\u00e4hlten die 22 anwesenden Jusos einstimmig Thomas Weber zum neuen Vorsitzenden und Sascha Ru\u00df, Elena Tritschler und Jan-Philipp Stroscher zu seinen Stellvertretern. Au\u00dferdem wurden die Beisitzerposten im Vorstand neu besetzt und die Delegierten f\u00fcr die Juso-Bezirks- und Landeskonferenzen bestimmt.<!--more--><\/p>\n<p>Thomas Weber bedankte sich bei seinem Amtsvorg\u00e4nger Philipp Przybylski, der nicht mehr angetreten war, f\u00fcr seine gute Arbeit in der Vergangenheit und zog ein positives Res\u00fcmee \u00fcber das letzte Jahr: &#8220;Unter Philipps Vorsitz ist die Zahl unserer aktiven Mitglieder von 4 auf knapp 30 gestiegen. Gerade im Bundestagswahlkampf konnten wir viele Neumitglieder werben und mit Aktionen wie der Demonstration gegen Atomkraft Aufsehen erregen.&#8221;<br \/>\nAuch Sabine Waschke zeigte sich mit der Arbeit des scheidenden Vorsitzenden zufrieden und w\u00fcnschte dem neuen Vorstand alles Gute.<\/p>\n<p>Nachdem bisher vor allem die zahlreichen Wahlk\u00e4mpfe die Aktivit\u00e4ten des SPD-Nachwuchses im Jahr 2009 bestimmten, wollen sich die Jusos nun wieder st\u00e4rker auf die politische Bildung f\u00fcr Mitglieder und Interessierte konzentrieren. So ist unter anderem die Veranstaltung beziehungsweise Teilnahme an Podiumsdiskussionen und Seminaren zu verschiedenen politischen Themen geplant. Nat\u00fcrlich solle aber &#8211; gerade in Anbetracht der neuen schwarz-gelben Bundesregierung &#8211; das Streiten f\u00fcr die eigenen Ideale weiterhin zentraler Bestandteil der Juso-Arbeit sein. Neben der Politik wollen die Jusos auch das nicht zu kurz kommen lassen, was Jugendliche h\u00e4ufig und gerne tun: Gemeinsam feiern.<\/p>\n","protected":false},"excerpt":{"rendered":"<div class=\"tmnf_excerpt\"><p>Fulda. Am vergangenen Donnerstag w\u00e4hlte die Unterbezirkskonferenz der Fuldaer Jusos im Gasthof Harth in Fulda einen neuen Vorstand und die Delegierten des SPD-Nachwuchses f\u00fcr Bezirks- und Landeskonferenzen. Nach Gru\u00dfworten der Landtagsabgeordneten und SPD-Unterbezirksvorsitzenden Sabine Waschke und des Juso-Bezirksvorsitzenden Pascal Barthel, in denen beide ihre Freude \u00fcber das starke Mitgliederwachstum der Fuldaer Jungsozialisten ausdr\u00fcckten, w\u00e4hlten die &hellip;<\/p>\n<\/div>","protected":false},"author":1,"featured_media":0,"comment_status":"closed","ping_status":"closed","sticky":false,"template":"","format":"standard","meta":{"footnotes":""},"categories":[1,29],"tags":[],"class_list":["post-43826","post","type-post","status-publish","format-standard","hentry","category-startseite","category-politik"],"_links":{"self":[{"href":"https:\/\/www.fuldaernachrichten.de\/index.php?rest_route=\/wp\/v2\/posts\/43826","targetHints":{"allow":["GET"]}}],"collection":[{"href":"https:\/\/www.fuldaernachrichten.de\/index.php?rest_route=\/wp\/v2\/posts"}],"about":[{"href":"https:\/\/www.fuldaernachrichten.de\/index.php?rest_route=\/wp\/v2\/types\/post"}],"author":[{"embeddable":true,"href":"https:\/\/www.fuldaernachrichten.de\/index.php?rest_route=\/wp\/v2\/users\/1"}],"replies":[{"embeddable":true,"href":"https:\/\/www.fuldaernachrichten.de\/index.php?rest_route=%2Fwp%2Fv2%2Fcomments&post=43826"}],"version-history":[{"count":4,"href":"https:\/\/www.fuldaernachrichten.de\/index.php?rest_route=\/wp\/v2\/posts\/43826\/revisions"}],"predecessor-version":[{"id":43849,"href":"https:\/\/www.fuldaernachrichten.de\/index.php?rest_route=\/wp\/v2\/posts\/43826\/revisions\/43849"}],"wp:attachment":[{"href":"https:\/\/www.fuldaernachrichten.de\/index.php?rest_route=%2Fwp%2Fv2%2Fmedia&parent=43826"}],"wp:term":[{"taxonomy":"category","embeddable":true,"href":"https:\/\/www.fuldaernachrichten.de\/index.php?rest_route=%2Fwp%2Fv2%2Fcategories&post=43826"},{"taxonomy":"post_tag","embeddable":true,"href":"https:\/\/www.fuldaernachrichten.de\/index.php?rest_route=%2Fwp%2Fv2%2Ftags&post=43826"}],"curies":[{"name":"wp","href":"https:\/\/api.w.org\/{rel}","templated":true}]}}