{"id":43805,"date":"2009-11-03T06:35:46","date_gmt":"2009-11-03T05:35:46","guid":{"rendered":"http:\/\/www.schoene-nachrichten.de\/?p=43805"},"modified":"2009-11-03T07:01:17","modified_gmt":"2009-11-03T06:01:17","slug":"georgspfadfinder-den-themen-auf-der-spur","status":"publish","type":"post","link":"https:\/\/www.fuldaernachrichten.de\/?p=43805","title":{"rendered":"Georgspfadfinder \u2013 den Themen auf der Spur"},"content":{"rendered":"<p><strong>Niddatal\/Fulda.<\/strong> Wenn sich rund 60 Pfadfinderinnen und Pfadfinder der Deutschen Pfadfinderschaft St. Georg aus dem gesamten Bistum Fulda treffen, dann ist es immer mehr, als ein Treffen mit bekannten und noch unbekannten Leiterinnen und Leitern. Im Bildungshaus St. Gottfried (Niddatal) stand Inhaltliches f\u00fcr die Gruppenleitung im Vordergrund. Themen wie: \u201e Warum Kinder Helden brauchen?\u201c, \u201ePfadfinden mit und ohne Behinderung\u201c sowie \u201ePr\u00e4vention und Interaktion bei sexueller Gewalt\u201c gaben den Pfadfinderinnen und Pfadfindern viele Anregungen, neue Ideen und Methoden f\u00fcr ihre Gruppenstunden.<\/p>\n<p><a href=\"http:\/\/www.schoene-nachrichten.de\/wp-content\/uploads\/2009\/11\/091103_Pfadfinder1.jpg\"><img fetchpriority=\"high\" decoding=\"async\" class=\"alignnone size-medium wp-image-43806\" title=\"091103_Pfadfinder1\" src=\"http:\/\/www.schoene-nachrichten.de\/wp-content\/uploads\/2009\/11\/091103_Pfadfinder1-265x398.jpg\" alt=\"091103_Pfadfinder1\" width=\"265\" height=\"398\" srcset=\"https:\/\/www.fuldaernachrichten.de\/wp-content\/uploads\/2009\/11\/091103_Pfadfinder1-265x398.jpg 265w, https:\/\/www.fuldaernachrichten.de\/wp-content\/uploads\/2009\/11\/091103_Pfadfinder1.jpg 399w\" sizes=\"(max-width: 265px) 100vw, 265px\" \/><\/a> <a href=\"http:\/\/www.schoene-nachrichten.de\/wp-content\/uploads\/2009\/11\/091103_Pfadfinder2.jpg\"><img decoding=\"async\" class=\"alignnone size-medium wp-image-43807\" title=\"091103_Pfadfinder2\" src=\"http:\/\/www.schoene-nachrichten.de\/wp-content\/uploads\/2009\/11\/091103_Pfadfinder2-265x398.jpg\" alt=\"091103_Pfadfinder2\" width=\"265\" height=\"398\" srcset=\"https:\/\/www.fuldaernachrichten.de\/wp-content\/uploads\/2009\/11\/091103_Pfadfinder2-265x398.jpg 265w, https:\/\/www.fuldaernachrichten.de\/wp-content\/uploads\/2009\/11\/091103_Pfadfinder2.jpg 399w\" sizes=\"(max-width: 265px) 100vw, 265px\" \/><\/a><!--more-->Die Teilnehmer wurden am Freitag stimmungsvoll in dem ehemaligen Kloster mit Kerzenschein und gregorianischen Ges\u00e4ngen begr\u00fc\u00dft. Damit begann das allj\u00e4hrliche Treffen der Georgspfadfinder. Aufgeteilt nach den Altersstufen ihrer Gruppen vor Ort starteten die Einf\u00fchrungen in die einzelnen Schwerpunktthemen.<\/p>\n<p>Orientiert am Jahresthema der DPSG Deutschland \u201eLeben ist mehr\u201c setzten sich die Leiterinnen und Leiter der Altersstufen der W\u00f6lflinge (ab 7 Jahre) und der Pfadfinder (ab 13 Jahre) mit dem Thema \u201ePfadfinden mit und ohne Behinderung\u201c auseinander. Dabei wurde \u00fcber Definitionen und Richtlinien von Behinderungen diskutiert, sowie gesellschaftliche Ansichten kritisch hinterfragt. \u201eEs ist wichtig, dass wir uns als Kinder- und Jugendverband den Menschen mit Behinderungen nicht verschlie\u00dfen und die integrative Idee mit in die Gruppenarbeit nehmen\u201c, meinte Patrick Ambrosius aus Hanau. Mit dem von der Bundesleitung zur Verf\u00fcgung gestellten Aktionsbus konnten die Teilnehmer verschiedene Behinderungen f\u00fcr sich erlebbar machen.<\/p>\n<p>Die Pfadfinderstufe bekam Unterst\u00fctzung vom Fachreferenten des Caritas-Verbandes Fulda, Herrn Ernst-Paul Walter, der \u00fcber die Entwicklung der Behindertenarbeit in Fulda berichtete. \u201eBesonders interessant war es durch Simulationsspiele einen anderen Blickwinkel auf Sinnesbehinderungen zu erlangen\u201c, so der Referent der Pfadfinderstufe David Blasek.<\/p>\n<p>Die Leiterinnen und Leiter der Jungpfadfinder (ab 10 Jahre) nahmen das Thema \u201eWarum Kinder Helden brauchen?\u201c in den Fokus. Eine Mitarbeiterin der Erziehungsberatung Fulda Frau Lena Squarra gab wertvolle und wichtige Gedankenanst\u00f6\u00dfe. Ein gemeinsam entwickeltes Spiel rund um das Thema \u201eHelden\u201c konnte am Samstagabend direkt zum Einsatz kommen.<\/p>\n<p>\u201eEine wichtige Erkenntnis des Wochenendes war, dass eine Statistik, die bei Jugendlichen durchgef\u00fchrt worden ist, zeigt, dass Eltern, Freunde, Lehrer und andere Bezugspersonen, zu denen unsere Leiter\/ Leiterinnen geh\u00f6ren sowie Geistliche f\u00fcr diese Altersgruppe eher ein Helden\/Heldinnen sind als Sportler und Popstars\u201c, so die Referentin der Jungpfadfinderstufe Judith Maier.<\/p>\n<p>F\u00fcr die Leiterinnen und Leiter der Rover (bis 20 Jahre) wurde die Auseinandersetzung mit dem Thema \u201ePr\u00e4vention und Intervention bei sexueller Gewalt\u201c eher nachdenklich angegangen. \u201eZwar war es ein schwieriges Thema, aber wir haben uns herangewagt, viel diskutiert und unsere Horizonte erweitert. Es war ein sehr aufschluss- und abwechslungsreiches Wochenende\u201c, so Isabel Knaf aus Mainhausen.<\/p>\n<p>Die Abende klangen nach so viel Ausbildung im Torhaus des Klosters aus. Ein gemeinsamer Taufgottesdienst mit DPSG Kuraten und Jugendpfarrer Sebastian Bl\u00fcmel war ein weiterer H\u00f6hepunkt. M\u00fcde aber zufrieden war am Sonntag dann schon wieder alles vorbei. Aber der n\u00e4chste Treffpunkt, die Verteilung des Friedenslichtes aus Betlehem am dritten Adventssonntag ist ja nicht mehr lange hin.<\/p>\n","protected":false},"excerpt":{"rendered":"<div class=\"tmnf_excerpt\"><p>Niddatal\/Fulda. Wenn sich rund 60 Pfadfinderinnen und Pfadfinder der Deutschen Pfadfinderschaft St. Georg aus dem gesamten Bistum Fulda treffen, dann ist es immer mehr, als ein Treffen mit bekannten und noch unbekannten Leiterinnen und Leitern. Im Bildungshaus St. Gottfried (Niddatal) stand Inhaltliches f\u00fcr die Gruppenleitung im Vordergrund. Themen wie: \u201e Warum Kinder Helden brauchen?\u201c, \u201ePfadfinden &hellip;<\/p>\n<\/div>","protected":false},"author":1,"featured_media":0,"comment_status":"closed","ping_status":"closed","sticky":false,"template":"","format":"standard","meta":{"footnotes":""},"categories":[1,50],"tags":[],"class_list":["post-43805","post","type-post","status-publish","format-standard","hentry","category-startseite","category-kirche"],"_links":{"self":[{"href":"https:\/\/www.fuldaernachrichten.de\/index.php?rest_route=\/wp\/v2\/posts\/43805","targetHints":{"allow":["GET"]}}],"collection":[{"href":"https:\/\/www.fuldaernachrichten.de\/index.php?rest_route=\/wp\/v2\/posts"}],"about":[{"href":"https:\/\/www.fuldaernachrichten.de\/index.php?rest_route=\/wp\/v2\/types\/post"}],"author":[{"embeddable":true,"href":"https:\/\/www.fuldaernachrichten.de\/index.php?rest_route=\/wp\/v2\/users\/1"}],"replies":[{"embeddable":true,"href":"https:\/\/www.fuldaernachrichten.de\/index.php?rest_route=%2Fwp%2Fv2%2Fcomments&post=43805"}],"version-history":[{"count":4,"href":"https:\/\/www.fuldaernachrichten.de\/index.php?rest_route=\/wp\/v2\/posts\/43805\/revisions"}],"predecessor-version":[{"id":43860,"href":"https:\/\/www.fuldaernachrichten.de\/index.php?rest_route=\/wp\/v2\/posts\/43805\/revisions\/43860"}],"wp:attachment":[{"href":"https:\/\/www.fuldaernachrichten.de\/index.php?rest_route=%2Fwp%2Fv2%2Fmedia&parent=43805"}],"wp:term":[{"taxonomy":"category","embeddable":true,"href":"https:\/\/www.fuldaernachrichten.de\/index.php?rest_route=%2Fwp%2Fv2%2Fcategories&post=43805"},{"taxonomy":"post_tag","embeddable":true,"href":"https:\/\/www.fuldaernachrichten.de\/index.php?rest_route=%2Fwp%2Fv2%2Ftags&post=43805"}],"curies":[{"name":"wp","href":"https:\/\/api.w.org\/{rel}","templated":true}]}}