{"id":43786,"date":"2009-11-03T06:15:34","date_gmt":"2009-11-03T05:15:34","guid":{"rendered":"http:\/\/www.schoene-nachrichten.de\/?p=43786"},"modified":"2009-11-03T06:55:40","modified_gmt":"2009-11-03T05:55:40","slug":"malteser-ausbildung-ausgezeichnet-weiterbildung-hessen-e-v-vergibt-qualitaetssiegel","status":"publish","type":"post","link":"https:\/\/www.fuldaernachrichten.de\/?p=43786","title":{"rendered":"Malteser Ausbildung ausgezeichnet &#8211; Weiterbildung Hessen e.V. vergibt Qualit\u00e4tssiegel"},"content":{"rendered":"<p><a href=\"http:\/\/www.schoene-nachrichten.de\/wp-content\/uploads\/2009\/11\/untitled.jpg\"><img fetchpriority=\"high\" decoding=\"async\" class=\"alignnone size-thumbnail wp-image-43787\" title=\"Foto: Malteser Hilfsdienst e.V.\" src=\"http:\/\/www.schoene-nachrichten.de\/wp-content\/uploads\/2009\/11\/untitled-265x308.jpg\" alt=\"Foto: Malteser Hilfsdienst e.V.\" hspace=\"5\" width=\"265\" height=\"308\" align=\"left\" srcset=\"https:\/\/www.fuldaernachrichten.de\/wp-content\/uploads\/2009\/11\/untitled-265x308.jpg 265w, https:\/\/www.fuldaernachrichten.de\/wp-content\/uploads\/2009\/11\/untitled.jpg 515w\" sizes=\"(max-width: 265px) 100vw, 265px\" \/><\/a><strong>Fulda. <\/strong>Der Malteser Hilfsdienst e.V. Fulda ist mit dem Qualit\u00e4tssiegel des Weiterbildung Hessen e.V. ausgezeichnet worden. Damit geh\u00f6rt Fulda zu den \u00fcber 100 Malteser-Standorten, die hessenweit zertifiziert wurden. Und das bereits zum zweiten Mal.<!--more--><\/p>\n<p><strong>Kontinuierliche Verbesserung<\/strong><\/p>\n<p>&#8220;Die kontinuierliche Verbesserung unserer Arbeit in der Ausbildung und das Einhalten hoher Qualit\u00e4tsstandards haben sich gelohnt&#8221;, sagt Matthias Krause, Ausbildungsreferent der Malteser im Bistum Fulda. Zum zweiten Mal infolge wurde der Malteser Hilfsdienst e.V. in Hessen als qualit\u00e4tsvoller und seri\u00f6ser Weiterbildungsanbieter best\u00e4tigt. &#8220;Bei der gro\u00dfen Anzahl an Weiterbildungsangeboten bietet das Siegel Teilnehmern und Interessenten von Seminaren eine gute und sinnvolle Orientierung&#8221;, sagt Krause. Au\u00dferdem ist die Zertifizierung Voraussetzung daf\u00fcr, dass die Weiterbildungsma\u00dfnahme mit dem &#8220;Qualifizierungsscheck Hessen&#8221; gef\u00f6rdert wird. Teilnehmer bekommen mit dem Scheck 50 Prozent der Lehrgangskosten bis maximal 500 Euro im Jahr finanziert.<\/p>\n<p>Der Verein Weiterbildung Hessen e.V. bescheinigt mit der Vergabe des Pr\u00fcfsiegels ein bestimmtes Qualit\u00e4tsniveau in der Weiterbildung. Weiterbildungsinteressenten k\u00f6nnen davon ausgehen, dass ein ausgezeichneter Anbieter diese Qualit\u00e4t bei seiner Arbeit einh\u00e4lt, seri\u00f6se Teilnahmebedingungen bietet und sich in Streitf\u00e4llen einem Schlichtungsverfahren unterzieht. Im Beirat des Vereins achten die mit Weiterbildung befassten Institutionen in Hessen, wie zum Beispiel Industrie- und Handelskammern, Handwerkskammern, Deutscher\u00c2\u00a0 Gewerkschafts\u00c2\u00acbund, Landesarbeitsamt und VhU-Vereinigung hessischer Unternehmerverb\u00e4nde e.V., auf eine seri\u00f6se Aufstellung der Qualit\u00e4tsstandards. Der Verein wird vom Land Hessen und dem Europ\u00e4ischen Sozialfonds unterst\u00fctzt. Aktuell z\u00e4hlt er 323 Mitglieder.<\/p>\n","protected":false},"excerpt":{"rendered":"<div class=\"tmnf_excerpt\"><p>Fulda. Der Malteser Hilfsdienst e.V. Fulda ist mit dem Qualit\u00e4tssiegel des Weiterbildung Hessen e.V. ausgezeichnet worden. Damit geh\u00f6rt Fulda zu den \u00fcber 100 Malteser-Standorten, die hessenweit zertifiziert wurden. Und das bereits zum zweiten Mal.<\/p>\n<\/div>","protected":false},"author":1,"featured_media":0,"comment_status":"closed","ping_status":"closed","sticky":false,"template":"","format":"standard","meta":{"footnotes":""},"categories":[1,53,51,50],"tags":[],"class_list":["post-43786","post","type-post","status-publish","format-standard","hentry","category-startseite","category-bildung","category-medizin","category-kirche"],"_links":{"self":[{"href":"https:\/\/www.fuldaernachrichten.de\/index.php?rest_route=\/wp\/v2\/posts\/43786","targetHints":{"allow":["GET"]}}],"collection":[{"href":"https:\/\/www.fuldaernachrichten.de\/index.php?rest_route=\/wp\/v2\/posts"}],"about":[{"href":"https:\/\/www.fuldaernachrichten.de\/index.php?rest_route=\/wp\/v2\/types\/post"}],"author":[{"embeddable":true,"href":"https:\/\/www.fuldaernachrichten.de\/index.php?rest_route=\/wp\/v2\/users\/1"}],"replies":[{"embeddable":true,"href":"https:\/\/www.fuldaernachrichten.de\/index.php?rest_route=%2Fwp%2Fv2%2Fcomments&post=43786"}],"version-history":[{"count":3,"href":"https:\/\/www.fuldaernachrichten.de\/index.php?rest_route=\/wp\/v2\/posts\/43786\/revisions"}],"predecessor-version":[{"id":43848,"href":"https:\/\/www.fuldaernachrichten.de\/index.php?rest_route=\/wp\/v2\/posts\/43786\/revisions\/43848"}],"wp:attachment":[{"href":"https:\/\/www.fuldaernachrichten.de\/index.php?rest_route=%2Fwp%2Fv2%2Fmedia&parent=43786"}],"wp:term":[{"taxonomy":"category","embeddable":true,"href":"https:\/\/www.fuldaernachrichten.de\/index.php?rest_route=%2Fwp%2Fv2%2Fcategories&post=43786"},{"taxonomy":"post_tag","embeddable":true,"href":"https:\/\/www.fuldaernachrichten.de\/index.php?rest_route=%2Fwp%2Fv2%2Ftags&post=43786"}],"curies":[{"name":"wp","href":"https:\/\/api.w.org\/{rel}","templated":true}]}}