{"id":43776,"date":"2009-11-03T06:00:18","date_gmt":"2009-11-03T05:00:18","guid":{"rendered":"http:\/\/www.schoene-nachrichten.de\/?p=43776"},"modified":"2009-11-03T07:00:56","modified_gmt":"2009-11-03T06:00:56","slug":"kart-marcel-mayer-gewinnt-adac-youngster-cup","status":"publish","type":"post","link":"https:\/\/www.fuldaernachrichten.de\/?p=43776","title":{"rendered":"Kart: Marcel Mayer gewinnt ADAC Youngster Cup"},"content":{"rendered":"<p><a href=\"http:\/\/www.schoene-nachrichten.de\/wp-content\/uploads\/2009\/11\/Mayer-im-Siegerkart.jpg\"><img fetchpriority=\"high\" decoding=\"async\" class=\"alignnone size-thumbnail wp-image-43777\" title=\"Privat\" src=\"http:\/\/www.schoene-nachrichten.de\/wp-content\/uploads\/2009\/11\/Mayer-im-Siegerkart-265x198.jpg\" alt=\"Privat\" hspace=\"5\" width=\"265\" height=\"198\" align=\"left\" srcset=\"https:\/\/www.fuldaernachrichten.de\/wp-content\/uploads\/2009\/11\/Mayer-im-Siegerkart-265x198.jpg 265w, https:\/\/www.fuldaernachrichten.de\/wp-content\/uploads\/2009\/11\/Mayer-im-Siegerkart.jpg 800w\" sizes=\"(max-width: 265px) 100vw, 265px\" \/><\/a><strong>Fulda. <\/strong>Der achtj\u00e4hrige N\u00fcsttaler der f\u00fcr den Fuldaer AC im No Limit Team startete, konnte mit einem Doppelsieg die Meisterschaft f\u00fcr sich entscheiden. Als Zweitplatzierter in der Gesamtwertung ging es am Samstag zum letzten Lauf nach Fulda und Mayer musste um in der Meisterschaft noch eingreifen zu k\u00f6nnen beide L\u00e4ufe gewinnen, denn im vorletzten Lauf in Hagen wurde er im Lauf 1, in der zweiten Runde, abgeschossen und konnte keine Punkte einfahren. Mayer sagte dazu: da war eigentlich alles verloren den mein st\u00e4rkster Konkurrent Dominik Stern konnte den ersten Lauf gewinnen und ich musste im zweiten Lauf vom letzten Startplatz starten, doch ich dachte nicht ans aufgeben, ich habe alles \u00fcberholt was vor mir fuhr und bin noch zweiter geworden.<!--more--><\/p>\n<p><strong>Sensationelles \u00dcberholman\u00f6ver sicherte die Pole<\/strong><\/p>\n<p>Damit verk\u00fcrzte er seinen R\u00fcckstand auf 5 Punkte zum F\u00fchrenden. Auf seiner Heimstrecke sollte doch alles m\u00f6glich sein und das zeigte er auch in beiden Freien Trainings, die er klar dominierte und den Gesamtf\u00fchrenden und alle anderen weit hinter sich lies. Im Zeittraining jedoch steckte er im Verkehr fest und konnte keine schnelle Runde fahren, doch in der vorletzten Runde gelang im ein sensationelles \u00dcberholman\u00f6ver und darauf folgte eine einzige freie Runde die ihm f\u00fcr die Pole im ersten Lauf reichte.<\/p>\n<p>Mayer konnte beide L\u00e4ufe mit einem Start Ziel Sieg beenden wobei es in der letzten Runde zu einem schweren Unfall vor Start und Ziel kam in dem sein Freund Maximilian Horn verwickelt wurde, doch Mayer konnte ungehindert die Unfallstelle passieren. Die verungl\u00fcckten Piloten konnten vor Ort versorgt werden und nach einer Untersuchung im Klinikum Fulda leicht verletzt entlassen werden. Mayer \u00fcberraschte dann bei der Siegerehrung alle Teilnehmer als er seinem verungl\u00fcckten Freund mit aufs Siegertreppchen holte und seinen Pokal an Ihn weiter gab. Diese Geste wurde mit stehendem Applaus von allen anwesenden gew\u00fcrdigt.<\/p>\n<p>Marcel Mayer ist der J\u00fcngste Fahrer, der je in der Klasse 1, im ADAC Youngster Cup Hessen Th\u00fcringen gewonnen hat. Im n\u00e4chsten Jahr erh\u00e4lt er vom ADAC eine F\u00f6rderung, f\u00fcr die Bambini Klasse und Mayer kann dann auch im WAKC und ADAC Kartmasters zeigen das er ein ganz gro\u00dfer werden kann.<\/p>\n","protected":false},"excerpt":{"rendered":"<div class=\"tmnf_excerpt\"><p>Fulda. Der achtj\u00e4hrige N\u00fcsttaler der f\u00fcr den Fuldaer AC im No Limit Team startete, konnte mit einem Doppelsieg die Meisterschaft f\u00fcr sich entscheiden. Als Zweitplatzierter in der Gesamtwertung ging es am Samstag zum letzten Lauf nach Fulda und Mayer musste um in der Meisterschaft noch eingreifen zu k\u00f6nnen beide L\u00e4ufe gewinnen, denn im vorletzten Lauf &hellip;<\/p>\n<\/div>","protected":false},"author":1,"featured_media":0,"comment_status":"closed","ping_status":"closed","sticky":false,"template":"","format":"standard","meta":{"footnotes":""},"categories":[1,35,72,46],"tags":[],"class_list":["post-43776","post","type-post","status-publish","format-standard","hentry","category-startseite","category-auto","category-jugend","category-sport"],"_links":{"self":[{"href":"https:\/\/www.fuldaernachrichten.de\/index.php?rest_route=\/wp\/v2\/posts\/43776","targetHints":{"allow":["GET"]}}],"collection":[{"href":"https:\/\/www.fuldaernachrichten.de\/index.php?rest_route=\/wp\/v2\/posts"}],"about":[{"href":"https:\/\/www.fuldaernachrichten.de\/index.php?rest_route=\/wp\/v2\/types\/post"}],"author":[{"embeddable":true,"href":"https:\/\/www.fuldaernachrichten.de\/index.php?rest_route=\/wp\/v2\/users\/1"}],"replies":[{"embeddable":true,"href":"https:\/\/www.fuldaernachrichten.de\/index.php?rest_route=%2Fwp%2Fv2%2Fcomments&post=43776"}],"version-history":[{"count":4,"href":"https:\/\/www.fuldaernachrichten.de\/index.php?rest_route=\/wp\/v2\/posts\/43776\/revisions"}],"predecessor-version":[{"id":43859,"href":"https:\/\/www.fuldaernachrichten.de\/index.php?rest_route=\/wp\/v2\/posts\/43776\/revisions\/43859"}],"wp:attachment":[{"href":"https:\/\/www.fuldaernachrichten.de\/index.php?rest_route=%2Fwp%2Fv2%2Fmedia&parent=43776"}],"wp:term":[{"taxonomy":"category","embeddable":true,"href":"https:\/\/www.fuldaernachrichten.de\/index.php?rest_route=%2Fwp%2Fv2%2Fcategories&post=43776"},{"taxonomy":"post_tag","embeddable":true,"href":"https:\/\/www.fuldaernachrichten.de\/index.php?rest_route=%2Fwp%2Fv2%2Ftags&post=43776"}],"curies":[{"name":"wp","href":"https:\/\/api.w.org\/{rel}","templated":true}]}}