{"id":43772,"date":"2009-11-03T06:16:23","date_gmt":"2009-11-03T05:16:23","guid":{"rendered":"http:\/\/www.schoene-nachrichten.de\/?p=43772"},"modified":"2009-11-03T06:58:13","modified_gmt":"2009-11-03T05:58:13","slug":"kinder-akademie-workshop-programm-weihnachtsferien-20092010-anmeldungen-ab-sofort-moeglich","status":"publish","type":"post","link":"https:\/\/www.fuldaernachrichten.de\/?p=43772","title":{"rendered":"Kinder Akademie Workshop-Programm Weihnachtsferien 2009\/2010 &#8211; Anmeldungen ab sofort m\u00f6glich!"},"content":{"rendered":"<p>Fulda. Die Kinderakademie Fulda bietet vom Montag. 4. Januar 2010 &#8212; Freitag, 8. Januar 2010, jeweils 9.00-15.00 Uhr, folgende Kurse an:<!--more--><br \/>\n<strong>Workshop: Sommerschnee und Winterfarben<\/strong><\/p>\n<p>Ein Workshop f\u00fcr M\u00e4dchen und Jungen von 5 bis 8 Jahren.<br \/>\nUnsere Welt ist bunt! Ist das auch im Winter so?<br \/>\nWir probieren aus, ob man K\u00e4lte malen kann und wie man den Sommer in ein Winterbild zaubert. Auch beim Drucken und beim Filzen mit Schafwolle sind wir mit &#8220;kalten&#8221; und &#8220;warmen&#8221; Farben kreativ.<\/p>\n<p>Leitung:Alexandra Koch, Kunst- und Umweltp\u00e4dagogin<\/p>\n<p>Geb\u00fchren: 105,&#8211; Euro (inkl. Mittagessen)<\/p>\n<p><strong><br \/>\nWorkshop: &#8220;Kunst aus dem Fettn\u00e4pfchen oder Kunst vom Fliegengitter&#8221;<\/strong><\/p>\n<p>Ein Workshop rund um die Ausstellung POP-ART f\u00fcr M\u00e4dchen und Jungen ab 9 Jahren.<br \/>\nKomplizierte und aufwendige Drucktechniken (Siebdruck und Lithografie) werden an Kunstwerken der Ausstellung POP-ART in Augenschein genommen. Anschlie\u00dfend werden mehrfarbige Lithografien vom Karton hergestellt und kleine Auflagen gedruckt. Dar\u00fcber hinaus wird das Prinzip des Siebdrucks erl\u00e4utert und ausprobiert.<br \/>\nLeitung: Linda Doernbach, K\u00fcnstlerin<\/p>\n<p>Geb\u00fchren: 105,&#8211; Euro (inkl. Mittagessen)<\/p>\n<p><strong><br \/>\nInformationen:<\/strong><br \/>\nKinder-Akademie Fulda<br \/>\nMehlerstra\u00dfe 4<br \/>\n36043 Fulda<br \/>\nTelefon: 0661\/90273-0<br \/>\nTelefax: 0661\/90273-25<br \/>\ninfo@kaf.de<br \/>\n<a href=\"http:\/\/www.kaf.de\" target=\"_blank\">www.kaf.de<\/a><\/p>\n","protected":false},"excerpt":{"rendered":"<div class=\"tmnf_excerpt\"><p>Fulda. Die Kinderakademie Fulda bietet vom Montag. 4. Januar 2010 &#8212; Freitag, 8. Januar 2010, jeweils 9.00-15.00 Uhr, folgende Kurse an:<\/p>\n<\/div>","protected":false},"author":1,"featured_media":0,"comment_status":"closed","ping_status":"closed","sticky":false,"template":"","format":"standard","meta":{"footnotes":""},"categories":[1,53,72],"tags":[],"class_list":["post-43772","post","type-post","status-publish","format-standard","hentry","category-startseite","category-bildung","category-jugend"],"_links":{"self":[{"href":"https:\/\/www.fuldaernachrichten.de\/index.php?rest_route=\/wp\/v2\/posts\/43772","targetHints":{"allow":["GET"]}}],"collection":[{"href":"https:\/\/www.fuldaernachrichten.de\/index.php?rest_route=\/wp\/v2\/posts"}],"about":[{"href":"https:\/\/www.fuldaernachrichten.de\/index.php?rest_route=\/wp\/v2\/types\/post"}],"author":[{"embeddable":true,"href":"https:\/\/www.fuldaernachrichten.de\/index.php?rest_route=\/wp\/v2\/users\/1"}],"replies":[{"embeddable":true,"href":"https:\/\/www.fuldaernachrichten.de\/index.php?rest_route=%2Fwp%2Fv2%2Fcomments&post=43772"}],"version-history":[{"count":6,"href":"https:\/\/www.fuldaernachrichten.de\/index.php?rest_route=\/wp\/v2\/posts\/43772\/revisions"}],"predecessor-version":[{"id":43851,"href":"https:\/\/www.fuldaernachrichten.de\/index.php?rest_route=\/wp\/v2\/posts\/43772\/revisions\/43851"}],"wp:attachment":[{"href":"https:\/\/www.fuldaernachrichten.de\/index.php?rest_route=%2Fwp%2Fv2%2Fmedia&parent=43772"}],"wp:term":[{"taxonomy":"category","embeddable":true,"href":"https:\/\/www.fuldaernachrichten.de\/index.php?rest_route=%2Fwp%2Fv2%2Fcategories&post=43772"},{"taxonomy":"post_tag","embeddable":true,"href":"https:\/\/www.fuldaernachrichten.de\/index.php?rest_route=%2Fwp%2Fv2%2Ftags&post=43772"}],"curies":[{"name":"wp","href":"https:\/\/api.w.org\/{rel}","templated":true}]}}