{"id":43769,"date":"2009-11-03T06:00:43","date_gmt":"2009-11-03T05:00:43","guid":{"rendered":"http:\/\/www.schoene-nachrichten.de\/?p=43769"},"modified":"2009-11-03T06:58:55","modified_gmt":"2009-11-03T05:58:55","slug":"buendnis-fuer-familie-themen-demenzaktion-und-gesundheitsfoerderung","status":"publish","type":"post","link":"https:\/\/www.fuldaernachrichten.de\/?p=43769","title":{"rendered":"B\u00fcndnis f\u00fcr Familie &#8211; Themen Demenzaktion und Gesundheitsf\u00f6rderung"},"content":{"rendered":"<p><strong>Vogelsbergkreis.<\/strong> Am Montag, dem 9. November, treffen sich die Interessenten aus dem Arbeitsfeld &#8220;Gesundheit und Pflege&#8221; zum achten Mal, und zwar um 18.30 Uhr im Haus Stephanus in Alsfeld, Landgraf-Hermann-Stra\u00dfe 26. Die Sprecherin der Gruppe, Heike Bohl, hofft auf regen Zuspruch &#8211; die Arbeitsgruppe ist offen auch f\u00fcr alle neuen Interessierten. Auf der Tagesordnung stehen unter anderem die Themen Demenzaktionstage &#8220;Samstage gegen das Vergessen&#8221; und Gesundheitsf\u00f6rderung durch Bewegung, gesunde Ern\u00e4hrung und geistige Aktivit\u00e4t. Koordinierungsstelle Familienb\u00fcndnis: Telefon 06641\/977-3404, sandra.obenhack@vogelsbergkreis.de<\/p>\n<div id=\"_mcePaste\" style=\"overflow: hidden; position: absolute; left: -10000px; top: 0px; width: 1px; height: 1px;\">Am Montag, dem 9. November, treffen sich die Interessenten aus dem Arbeitsfeld &#8220;Gesundheit und Pflege&#8221; zum achten Mal, und zwar um 18.30 Uhr im Haus Stephanus in Alsfeld, Landgraf-Hermann-Stra\u00dfe 26. Die Sprecherin der Gruppe, Heike Bohl, hofft auf regen Zuspruch &#8211; die Arbeitsgruppe ist offen auch f\u00fcr alle neuen Interessierten. Auf der Tagesordnung stehen unter anderem die Themen Demenzaktionstage &#8220;Samstage gegen das Vergessen&#8221; und Gesundheitsf\u00f6rderung durch Bewegung, gesunde Ern\u00e4hrung und geistige Aktivit\u00e4t. Koordinierungsstelle Familienb\u00fcndnis: Telefon 06641\/977-3404, sandra.obenhack@vogelsbergkreis.de<\/div>\n","protected":false},"excerpt":{"rendered":"<div class=\"tmnf_excerpt\"><p>Vogelsbergkreis. Am Montag, dem 9. November, treffen sich die Interessenten aus dem Arbeitsfeld &#8220;Gesundheit und Pflege&#8221; zum achten Mal, und zwar um 18.30 Uhr im Haus Stephanus in Alsfeld, Landgraf-Hermann-Stra\u00dfe 26. Die Sprecherin der Gruppe, Heike Bohl, hofft auf regen Zuspruch &#8211; die Arbeitsgruppe ist offen auch f\u00fcr alle neuen Interessierten. Auf der Tagesordnung stehen &hellip;<\/p>\n<\/div>","protected":false},"author":1,"featured_media":0,"comment_status":"closed","ping_status":"closed","sticky":false,"template":"","format":"standard","meta":{"footnotes":""},"categories":[1,53,51,29],"tags":[],"class_list":["post-43769","post","type-post","status-publish","format-standard","hentry","category-startseite","category-bildung","category-medizin","category-politik"],"_links":{"self":[{"href":"https:\/\/www.fuldaernachrichten.de\/index.php?rest_route=\/wp\/v2\/posts\/43769","targetHints":{"allow":["GET"]}}],"collection":[{"href":"https:\/\/www.fuldaernachrichten.de\/index.php?rest_route=\/wp\/v2\/posts"}],"about":[{"href":"https:\/\/www.fuldaernachrichten.de\/index.php?rest_route=\/wp\/v2\/types\/post"}],"author":[{"embeddable":true,"href":"https:\/\/www.fuldaernachrichten.de\/index.php?rest_route=\/wp\/v2\/users\/1"}],"replies":[{"embeddable":true,"href":"https:\/\/www.fuldaernachrichten.de\/index.php?rest_route=%2Fwp%2Fv2%2Fcomments&post=43769"}],"version-history":[{"count":3,"href":"https:\/\/www.fuldaernachrichten.de\/index.php?rest_route=\/wp\/v2\/posts\/43769\/revisions"}],"predecessor-version":[{"id":43854,"href":"https:\/\/www.fuldaernachrichten.de\/index.php?rest_route=\/wp\/v2\/posts\/43769\/revisions\/43854"}],"wp:attachment":[{"href":"https:\/\/www.fuldaernachrichten.de\/index.php?rest_route=%2Fwp%2Fv2%2Fmedia&parent=43769"}],"wp:term":[{"taxonomy":"category","embeddable":true,"href":"https:\/\/www.fuldaernachrichten.de\/index.php?rest_route=%2Fwp%2Fv2%2Fcategories&post=43769"},{"taxonomy":"post_tag","embeddable":true,"href":"https:\/\/www.fuldaernachrichten.de\/index.php?rest_route=%2Fwp%2Fv2%2Ftags&post=43769"}],"curies":[{"name":"wp","href":"https:\/\/api.w.org\/{rel}","templated":true}]}}