{"id":43709,"date":"2009-10-31T06:41:44","date_gmt":"2009-10-31T05:41:44","guid":{"rendered":"http:\/\/www.schoene-nachrichten.de\/?p=43709"},"modified":"2009-10-31T08:44:04","modified_gmt":"2009-10-31T07:44:04","slug":"neue-energie-erlebniswelt-im-uewag-informationszentrum","status":"publish","type":"post","link":"https:\/\/www.fuldaernachrichten.de\/?p=43709","title":{"rendered":"Neue Energie-Erlebniswelt im \u00dcWAG-Informationszentrum"},"content":{"rendered":"<p><a href=\"http:\/\/www.schoene-nachrichten.de\/wp-content\/uploads\/2009\/10\/091031_Uewag2.jpg\"><img fetchpriority=\"high\" decoding=\"async\" class=\"aligncenter size-full wp-image-43711\" title=\"091031_Uewag2\" src=\"http:\/\/www.schoene-nachrichten.de\/wp-content\/uploads\/2009\/10\/091031_Uewag2.jpg\" alt=\"091031_Uewag2\" width=\"592\" height=\"393\" srcset=\"https:\/\/www.fuldaernachrichten.de\/wp-content\/uploads\/2009\/10\/091031_Uewag2.jpg 592w, https:\/\/www.fuldaernachrichten.de\/wp-content\/uploads\/2009\/10\/091031_Uewag2-265x175.jpg 265w\" sizes=\"(max-width: 592px) 100vw, 592px\" \/><\/a><\/p>\n<p>Fulda. Zur Premierenf\u00fchrung durch die neu gestaltete Energie-Dauerausstellung im \u00dcWAG-Informationszentrum in der Frankfurter Stra\u00dfe in Fulda begr\u00fc\u00dften \u00dcWAG-Vorstand Dipl.-Ing. G\u00fcnter Bury und Oberb\u00fcrgermeister Gerhard M\u00f6ller G\u00e4ste aus Politik, Wirtschaft und dem Bildungssektor. Sch\u00fclerinnen und Sch\u00fcler der Fuldaer Heinrich-von-Bibra-Schule unterzogen die neuen interaktiven Exponate mit gro\u00dfer Begeisterung einem Praxistest.<!--more--><\/p>\n<p>\u201eMit ihrer neuen Energie-Erlebniswelt hat die \u00dcWAG eine \u00e4u\u00dferst spannende und hoch aktuelle Anlaufstelle f\u00fcr alle Interessenten geschaffen, die sich ein Bild von Energieerzeugung, Energietransport, effizienter Energienutzung und nat\u00fcrlich von den Leistungen unseres regionalen Energiedienstleisters machen m\u00f6chten\u201c, lobte Oberb\u00fcrgermeister Gerhard M\u00f6ller in seinem Gru\u00dfwort.<\/p>\n<p>Zur offiziellen Er\u00f6ffnung der Dauerausstellung hatte \u00dcWAG-Vorstand Dipl.-Ing. G\u00fcnter Bury zuvor die G\u00e4ste aus Politik, Wirtschaft und dem Bildungssektor begr\u00fc\u00dft und eine Einladung ausgesprochen: \u201eAlle Schulen aus der Stadt und dem Landkreis Fulda sowie alle anderen interessierten Gruppen aus der Region sind herzlich willkommen, das kostenlose Angebot der \u00dcWAG anzunehmen, sich bei einem Besuch in unserer neuen Energie-Erlebniswelt, einem Vortrag und einem Blick hinter die Kulissen der Stromerzeugung und -verteilung im \u00dcWAG-Informationszentrum umfassend mit dem Thema Energie zu besch\u00e4ftigen.\u201c<\/p>\n<p>Wolfgang Kremer, Stellvertretender Amtsleiter des Staatlichen Schulamts Fulda, w\u00fcrdigte den Einsatz der \u00dcWAG f\u00fcr die Unterst\u00fctzung der Lehrkr\u00e4fte bei ihrem Bem\u00fchen um einen lebendigen und lebensnahen Unterricht. \u201eF\u00fcr Lehrerinnen und Lehrer der F\u00e4cher Physik, \u00d6kologie, Sozialkunde oder Wirtschaft ist das \u00dcWAG-Informationszentrum eine gerne genutzte Anlaufstelle, die mit der neuen Dauerausstellung noch einmal an Attraktivit\u00e4t gewonnen hat und die wir mit gro\u00dfer Freude auch in Zukunft allen Lehrkr\u00e4ften f\u00fcr ihre Klassen und Kurse ab der Mittelstufe empfehlen werden.\u201c<\/p>\n<p><strong>Wissen trifft auf Spa\u00df<\/strong><\/p>\n<p><a href=\"http:\/\/www.schoene-nachrichten.de\/wp-content\/uploads\/2009\/10\/091031_Uewag1.jpg\"><img decoding=\"async\" class=\"alignleft size-thumbnail wp-image-43710\" title=\"091031_Uewag1\" src=\"http:\/\/www.schoene-nachrichten.de\/wp-content\/uploads\/2009\/10\/091031_Uewag1-265x182.jpg\" alt=\"091031_Uewag1\" width=\"265\" height=\"182\" srcset=\"https:\/\/www.fuldaernachrichten.de\/wp-content\/uploads\/2009\/10\/091031_Uewag1-265x182.jpg 265w, https:\/\/www.fuldaernachrichten.de\/wp-content\/uploads\/2009\/10\/091031_Uewag1.jpg 592w\" sizes=\"(max-width: 265px) 100vw, 265px\" \/><\/a>Neben umfangreichen Informationen \u2013 von den physikalischen Grundlagen der Elektrotechnik \u00fcber die Stromerzeugung bis zur Energieverteilung \u2013 bietet die Energie-Erlebniswelt im \u00dcWAG-Informationszentrum durch ihre interaktiven Exponate auch viel Spa\u00df. Das konnten 15 Sch\u00fclerinnen und Sch\u00fcler der Klasse 9\u00c2\u00a0d der Heinrich-von-Bibra-Schule als Premieren-Besucher gemeinsam mit den anderen G\u00e4sten sofort erleben. Zusammen gingen sie auf Entdeckungsreise durch die Energieausstellung, die eindrucksvoll von einem Panoramabild mit Rundumblick von der Wasserkuppe eingerahmt wird \u2013 ein augenf\u00e4lliges Bekenntnis der \u00dcWAG zu ihrer Verbundenheit mit der Region.<\/p>\n<p>Vom Energiefahrrad ging es an die Kurbel des Generator-Modells; eindrucksvoll sichtbar wird die Energie in der Ausstellung, wenn sie sich in einem Lichtbogen zwischen zwei Polen entl\u00e4dt. Interessiert verfolgten die Jungen und M\u00e4dchen den Weg des Stroms von der Erzeugung bis zum Kunden, testeten die Bedeutung der Transformation f\u00fcr den Stromtransport an einem anschaulichen Modell und genossen den energiegeladenen Abschluss des Ausstellungsbesuchs im \u201e\u00dcWAG-Zylinder\u201c, an dessen Au\u00dfenseite sich das Unternehmen mit seinen sieben Tochtergesellschaften vorstellt.<\/p>\n<p>Auf Informationstafeln vermitteln Texte, Fotos und Diagramme umfangreiches Wissen aus der Welt der Energie. Mit kleinen Fotoserien auf Monitoren der Exponate illustriert die \u00dcWAG in der Ausstellung ihr Engagement f\u00fcr die Nutzung erneuerbarer Energien, l\u00e4sst die Besucher teilhaben an der t\u00e4glichen Arbeit eines Energieversorgers und zeigt Anlagen, die im Verteilnetz die zuverl\u00e4ssige Stromversorgung der Region gew\u00e4hrleisten. \u201eEcht spannend!\u201c, waren sich die Sch\u00fclerinnen und Sch\u00fcler mit ihrer Lehrerin Petra Schwarzer nach Abschluss des Rundgangs durch die \u00dcWAG Energie-Erlebnisausstellung einig.<\/p>\n<p><strong>Anmeldung erforderlich<\/strong><\/p>\n<p>Die Energie-Erlebniswelt der \u00dcWAG ist f\u00fcr Sch\u00fclerinnen und Sch\u00fcler ab der Mittelstufe und erwachsene Besucher konzipiert. Sie ist im Rahmen von Gruppen-Veranstaltungen im \u00dcWAG-Informationszentrum zug\u00e4nglich; der Besuch wird durch einen einf\u00fchrenden Vortrag und einen Blick hinter die Kulissen der \u00dcWAG vervollst\u00e4ndigt. Interessierte Gruppen k\u00f6nnen Termine telefonisch unter 0661 12-431 oder per E-Mail an stefan.auth@uewag.de vereinbaren. F\u00fcr den Besuch des \u00dcWAG-Informationszentrums (Frankfurter Stra\u00dfe 6, 36043 Fulda) sollten zwei bis drei Stunden Zeit eingeplant werden.<\/p>\n","protected":false},"excerpt":{"rendered":"<div class=\"tmnf_excerpt\"><p>Fulda. Zur Premierenf\u00fchrung durch die neu gestaltete Energie-Dauerausstellung im \u00dcWAG-Informationszentrum in der Frankfurter Stra\u00dfe in Fulda begr\u00fc\u00dften \u00dcWAG-Vorstand Dipl.-Ing. G\u00fcnter Bury und Oberb\u00fcrgermeister Gerhard M\u00f6ller G\u00e4ste aus Politik, Wirtschaft und dem Bildungssektor. Sch\u00fclerinnen und Sch\u00fcler der Fuldaer Heinrich-von-Bibra-Schule unterzogen die neuen interaktiven Exponate mit gro\u00dfer Begeisterung einem Praxistest.<\/p>\n<\/div>","protected":false},"author":1,"featured_media":0,"comment_status":"closed","ping_status":"closed","sticky":false,"template":"","format":"standard","meta":{"footnotes":""},"categories":[1,29,78,52],"tags":[],"class_list":["post-43709","post","type-post","status-publish","format-standard","hentry","category-startseite","category-politik","category-topthema","category-umwelt"],"_links":{"self":[{"href":"https:\/\/www.fuldaernachrichten.de\/index.php?rest_route=\/wp\/v2\/posts\/43709","targetHints":{"allow":["GET"]}}],"collection":[{"href":"https:\/\/www.fuldaernachrichten.de\/index.php?rest_route=\/wp\/v2\/posts"}],"about":[{"href":"https:\/\/www.fuldaernachrichten.de\/index.php?rest_route=\/wp\/v2\/types\/post"}],"author":[{"embeddable":true,"href":"https:\/\/www.fuldaernachrichten.de\/index.php?rest_route=\/wp\/v2\/users\/1"}],"replies":[{"embeddable":true,"href":"https:\/\/www.fuldaernachrichten.de\/index.php?rest_route=%2Fwp%2Fv2%2Fcomments&post=43709"}],"version-history":[{"count":1,"href":"https:\/\/www.fuldaernachrichten.de\/index.php?rest_route=\/wp\/v2\/posts\/43709\/revisions"}],"predecessor-version":[{"id":43712,"href":"https:\/\/www.fuldaernachrichten.de\/index.php?rest_route=\/wp\/v2\/posts\/43709\/revisions\/43712"}],"wp:attachment":[{"href":"https:\/\/www.fuldaernachrichten.de\/index.php?rest_route=%2Fwp%2Fv2%2Fmedia&parent=43709"}],"wp:term":[{"taxonomy":"category","embeddable":true,"href":"https:\/\/www.fuldaernachrichten.de\/index.php?rest_route=%2Fwp%2Fv2%2Fcategories&post=43709"},{"taxonomy":"post_tag","embeddable":true,"href":"https:\/\/www.fuldaernachrichten.de\/index.php?rest_route=%2Fwp%2Fv2%2Ftags&post=43709"}],"curies":[{"name":"wp","href":"https:\/\/api.w.org\/{rel}","templated":true}]}}