{"id":43698,"date":"2009-10-31T08:00:43","date_gmt":"2009-10-31T07:00:43","guid":{"rendered":"http:\/\/www.schoene-nachrichten.de\/?p=43698"},"modified":"2009-10-31T08:35:16","modified_gmt":"2009-10-31T07:35:16","slug":"25-jahre-klinik-fuer-neurochirurgie-am-klinikum-fulda","status":"publish","type":"post","link":"https:\/\/www.fuldaernachrichten.de\/?p=43698","title":{"rendered":"25 Jahre Klinik f\u00fcr Neurochirurgie am Klinikum Fulda"},"content":{"rendered":"<p><a href=\"http:\/\/www.schoene-nachrichten.de\/wp-content\/uploads\/2009\/10\/091031_Neurochirurgie.jpg\"><img fetchpriority=\"high\" decoding=\"async\" class=\"aligncenter size-full wp-image-43699\" title=\"091031_Neurochirurgie\" src=\"http:\/\/www.schoene-nachrichten.de\/wp-content\/uploads\/2009\/10\/091031_Neurochirurgie.jpg\" alt=\"091031_Neurochirurgie\" width=\"592\" height=\"476\" srcset=\"https:\/\/www.fuldaernachrichten.de\/wp-content\/uploads\/2009\/10\/091031_Neurochirurgie.jpg 592w, https:\/\/www.fuldaernachrichten.de\/wp-content\/uploads\/2009\/10\/091031_Neurochirurgie-265x213.jpg 265w\" sizes=\"(max-width: 592px) 100vw, 592px\" \/><\/a><\/p>\n<p>Fulda. Anl\u00e4sslich des 25-j\u00e4hrigen Jubil\u00e4ums der Klinik f\u00fcr Neurochirurgie hatte das Klinikum Fulda am gestrigen Freitag zu einer akademischen Feier geladen. Oberb\u00fcrgermeister Gerhard M\u00f6ller begr\u00fc\u00dfte gemeinsam mit dem Vorstand des Klinikums Fulda Harald Jeguschke sowie dem Medizinischen Direktor Priv.-Doz. Dr. Achim Hellinger die zahlreich erschienenen G\u00e4ste im Marmorsaal des Stadtschlosses. <!--more--><\/p>\n<p>Die Stadt Fulda sei stolz auf die Leistungsf\u00e4higkeit dieser Klinik, die von der apparativen Ausstattung und vom medizinischen Spektrum her Universit\u00e4tsstandard habe, erkl\u00e4rte M\u00f6ller. Es folgten Ansprachen von Prof. Dr. Hans-Peter Richter, dem Nestor der Klinik, von Dr. W. Zeckey (Vorstand der Orthop\u00e4denvereineinigung Osthessen), Dr. T. Klitsch (Moderator des Qualit\u00e4tszirkels der niedergelassenen Nerven\u00e4rzte Osthessen) und Dr. E. Bl\u00fcmm (Aufsichtsratsvorsitzender des Gesundheitsnetzes Osthessen).<\/p>\n<p>Im Rahmen der akademischen Feier wurden sowohl gesundheits- und berufspolitische Themen abgehandelt als auch fachspezifische Vortr\u00e4ge zu den relevanten Problemen der Neurochirurgie, besonders auch mit Ausblick in die Zukunft des Faches von zahlreichen renommierten Referenten gehalten.<\/p>\n<p>Nachdem der Einrichtung der Neurochirurgischen Klinik von offizieller Seite am 12.12.1983 zugestimmt worden war, konnte die Klinik 1984 in das Klinikum integriert werden. Unter der Leitung von Priv.-Doz. Dr. Hans-Peter Richter, jetzt emeritierter Ordinarius der Neurochirurgischen Klinik der Universit\u00e4t Ulm am\u00c2\u00a0 Bezirkskrankenhaus G\u00fcnzburg, wurde die Klinik am 01.09.1984 er\u00f6ffnet. Bereits zu diesem Zeitpunkt konnten Prof. Richter und sein leitender Oberarzt, Dr. Antoniadis, das gesamte damalige Spektrum ihres Faches abdecken. Der station\u00e4re Bereich mit Krankenzimmern einschlie\u00dflich der Intensivstation wurde in der ehemaligen operativen Kinderstation des Klinikums lokalisiert; der Ambulanz- und Chefarztbereich durch Umbau der ehemaligen Milchk\u00fcche geschaffen. 1987 konnte die Neurochirurgische Klinik eine der beiden neuen Operationss\u00e4le \u00fcbernehmen. Von Anfang an entwickelten sich in Fragen, die die Sch\u00e4delbasis ber\u00fchren, eine enge Zusammenarbeit mit der Klinik f\u00fcr Hals-Nasen-Ohren-Krankheiten unter der Leitung von Prof. Dr. Wolfgang Draf.<\/p>\n<p>Seit dem 01. Juli 2001 steht die Klinik f\u00fcr Neurochirurgie unter der Leitung von Prof. Dr. Behr. Ihm stehen vier Ober\u00e4rzte, acht Assistenz\u00e4rzte sowie ein eingespieltes Team von Krankenschwestern und Pflegern zur Seite. Die Klinik verf\u00fcgt heute \u00fcber 41 station\u00e4re Betten, Betten f\u00fcr Kinder sowie durchschnittlich acht Betten in der Intensivtherapie.<\/p>\n<p><strong>Breites Leistungsspektrum<\/strong><\/p>\n<p>Die Neurochirurgie ist ein ausgesprochen komplexes und umfangreiches Gebiet. Die Klinik f\u00fcr Neurochirurgie behandelt alle Formen von Erkrankungen am zentralen Nervensystem (Gehirn und R\u00fcckenmark) sowie an den Strukturen um das zentrale Nervensystem herum (Sch\u00e4del und Wirbels\u00e4ule). Hinzu kommen Erkrankungen an den peripheren Nerven (in Armen und Beinen). Weitere wichtige Arbeitsgebiete sind die Behandlung von Fehlbildungen im Kindesalter (z.B. Wasserkopf oder offener R\u00fccken), gutartige und b\u00f6sartige Tumorerkrankungen, Erkrankungen im Nervensystem und an den peripheren Nerven, Hirnblutungen und Hirnschwellungen nach Schlaganfall, die Chirurgie der Hirnanhangsdr\u00fcse sowie die Traumatologie des Sch\u00e4dels und des R\u00fcckenmarkes sowie der peripheren Nerven, z.B. nach Unf\u00e4llen.<\/p>\n<p>Hinzu kommt die Chirurgie bei chronischen Schmerzsyndromen wie z.B. Trigeminusneuralgie und die neurochirurgische Schmerzmodulation durch Implantation von Stimulatoren am R\u00fcckenmark und Medikamentenpumpen. \u201eRund zwei Drittel aller in der Klinik f\u00fcr Neurochirurgie behandelten Patienten betreffen die Wirbels\u00e4ule, etwa ein Drittel den Bereich des Sch\u00e4dels,\u201c erl\u00e4uterte Prof. Behr.<\/p>\n<p>Neben der Verbesserung der therapeutischen M\u00f6glichkeiten ist in den vergangenen Jahren auch die Diagnostik optimiert worden. Die Neurochirurgie konnte sich die gro\u00dfen Fortschritte der\u00c2\u00a0 Medizintechnik zunutze machen. \u201eDie st\u00e4ndig verbesserte Diagnostik, die computergest\u00fctzte Berechnung von Zielpunkten (Neuronavigation), die Erfassung von elektrischen Str\u00f6men in Hirn und R\u00fcckenmark (intraoperatives Neuromonitoring) in Kombination mit Endoskopie, Stereotaxie und Ultraschall erlauben heute mikrochirurgische Operationen an der Sch\u00e4delbasis, in\u00c2\u00a0 zentralen Hirnregionen, im Hirnstamm und am R\u00fcckenmark, die bis vor einigen Jahren noch unvorstellbar waren\u201c, so Prof. Dr. Behr.<\/p>\n","protected":false},"excerpt":{"rendered":"<div class=\"tmnf_excerpt\"><p>Fulda. Anl\u00e4sslich des 25-j\u00e4hrigen Jubil\u00e4ums der Klinik f\u00fcr Neurochirurgie hatte das Klinikum Fulda am gestrigen Freitag zu einer akademischen Feier geladen. Oberb\u00fcrgermeister Gerhard M\u00f6ller begr\u00fc\u00dfte gemeinsam mit dem Vorstand des Klinikums Fulda Harald Jeguschke sowie dem Medizinischen Direktor Priv.-Doz. Dr. Achim Hellinger die zahlreich erschienenen G\u00e4ste im Marmorsaal des Stadtschlosses.<\/p>\n<\/div>","protected":false},"author":1,"featured_media":0,"comment_status":"closed","ping_status":"closed","sticky":false,"template":"","format":"standard","meta":{"footnotes":""},"categories":[1,51],"tags":[],"class_list":["post-43698","post","type-post","status-publish","format-standard","hentry","category-startseite","category-medizin"],"_links":{"self":[{"href":"https:\/\/www.fuldaernachrichten.de\/index.php?rest_route=\/wp\/v2\/posts\/43698","targetHints":{"allow":["GET"]}}],"collection":[{"href":"https:\/\/www.fuldaernachrichten.de\/index.php?rest_route=\/wp\/v2\/posts"}],"about":[{"href":"https:\/\/www.fuldaernachrichten.de\/index.php?rest_route=\/wp\/v2\/types\/post"}],"author":[{"embeddable":true,"href":"https:\/\/www.fuldaernachrichten.de\/index.php?rest_route=\/wp\/v2\/users\/1"}],"replies":[{"embeddable":true,"href":"https:\/\/www.fuldaernachrichten.de\/index.php?rest_route=%2Fwp%2Fv2%2Fcomments&post=43698"}],"version-history":[{"count":1,"href":"https:\/\/www.fuldaernachrichten.de\/index.php?rest_route=\/wp\/v2\/posts\/43698\/revisions"}],"predecessor-version":[{"id":43700,"href":"https:\/\/www.fuldaernachrichten.de\/index.php?rest_route=\/wp\/v2\/posts\/43698\/revisions\/43700"}],"wp:attachment":[{"href":"https:\/\/www.fuldaernachrichten.de\/index.php?rest_route=%2Fwp%2Fv2%2Fmedia&parent=43698"}],"wp:term":[{"taxonomy":"category","embeddable":true,"href":"https:\/\/www.fuldaernachrichten.de\/index.php?rest_route=%2Fwp%2Fv2%2Fcategories&post=43698"},{"taxonomy":"post_tag","embeddable":true,"href":"https:\/\/www.fuldaernachrichten.de\/index.php?rest_route=%2Fwp%2Fv2%2Ftags&post=43698"}],"curies":[{"name":"wp","href":"https:\/\/api.w.org\/{rel}","templated":true}]}}