{"id":43678,"date":"2009-10-31T06:50:53","date_gmt":"2009-10-31T05:50:53","guid":{"rendered":"http:\/\/www.schoene-nachrichten.de\/?p=43678"},"modified":"2009-10-31T08:37:02","modified_gmt":"2009-10-31T07:37:02","slug":"das-schwache-herz-vortrag-in-der-helios-st-elisabeth-klinik-huenfeld-im-rahmen-der-bundesweiten-herzwoche","status":"publish","type":"post","link":"https:\/\/www.fuldaernachrichten.de\/?p=43678","title":{"rendered":"Das schwache Herz \u2013 Vortrag in der HELIOS St. Elisabeth Klinik H\u00fcnfeld im Rahmen der bundesweiten Herzwoche"},"content":{"rendered":"<p><strong>H\u00fcnfeld. <\/strong>Im Rahmen der diesj\u00e4hrigen Herzwoche wird Dr. Ambros Greiner, Chefarzt der Inneren Medizin, am Mittwoch, den 4. November um 19.00 Uhr in der H\u00fcnfelder Klinik \u00fcber das Thema Herzschw\u00e4che informieren.<!--more--><\/p>\n<p><strong> <\/strong><\/p>\n<p>Sie ist eine Volkskrankheit und der h\u00e4ufigste Grund f\u00fcr einen Krankenhausaufenthalt: Rund 1,4 Millionen Menschen in Deutschland leiden unter einer Herzschw\u00e4che (Herzinsuffizienz), 250.000 von ihnen werden deshalb jedes Jahr in eine Klinik eingewiesen \u2013 Tendenz steigend. Dass viele Patienten trotz immer besserer Therapiem\u00f6glichkeiten keine optimale Behandlung erhalten, liegt h\u00e4ufig daran, dass diese M\u00f6glichkeiten zu wenig bekannt sind. Ein weiteres Problem: Betroffene nehmen die Symptome einer Herzschw\u00e4che wie Leistungsabfall, Atemnot, geschwollene Beine oft als altersbedingt resigniert hin und wissen nicht, dass man etwas dagegen tun kann.<\/p>\n<p>Deshalb startet die Deutsche Herzstiftung im November mit ihren diesj\u00e4hrigen Herzwochen eine bundesweite Aufkl\u00e4rungskampagne, um \u00fcber Erkennung, Behandlung und auch Vorbeugung der Herzschw\u00e4che zu informieren. \u201eJe fr\u00fcher die Herzschw\u00e4che erkannt wird, umso eher kann mit den heutigen Therapiem\u00f6glichkeiten die Entwicklung der Krankheit aufhalten oder verlangsamen. Wir m\u00f6chten mit unserem Vortrag die Bev\u00f6lkerung \u00fcber die Warnzeichen der Herzschw\u00e4che und moderne Behandlungskonzepte informieren.\u201c, sagt Dr. Greiner. Die H\u00fcnfelder Klinik beteiligt sich seit vielen Jahren mit Informationsveranstaltungen an den Herzwochen.<\/p>\n","protected":false},"excerpt":{"rendered":"<div class=\"tmnf_excerpt\"><p>H\u00fcnfeld. Im Rahmen der diesj\u00e4hrigen Herzwoche wird Dr. Ambros Greiner, Chefarzt der Inneren Medizin, am Mittwoch, den 4. November um 19.00 Uhr in der H\u00fcnfelder Klinik \u00fcber das Thema Herzschw\u00e4che informieren.<\/p>\n<\/div>","protected":false},"author":1,"featured_media":0,"comment_status":"closed","ping_status":"closed","sticky":false,"template":"","format":"standard","meta":{"footnotes":""},"categories":[1,51],"tags":[],"class_list":["post-43678","post","type-post","status-publish","format-standard","hentry","category-startseite","category-medizin"],"_links":{"self":[{"href":"https:\/\/www.fuldaernachrichten.de\/index.php?rest_route=\/wp\/v2\/posts\/43678","targetHints":{"allow":["GET"]}}],"collection":[{"href":"https:\/\/www.fuldaernachrichten.de\/index.php?rest_route=\/wp\/v2\/posts"}],"about":[{"href":"https:\/\/www.fuldaernachrichten.de\/index.php?rest_route=\/wp\/v2\/types\/post"}],"author":[{"embeddable":true,"href":"https:\/\/www.fuldaernachrichten.de\/index.php?rest_route=\/wp\/v2\/users\/1"}],"replies":[{"embeddable":true,"href":"https:\/\/www.fuldaernachrichten.de\/index.php?rest_route=%2Fwp%2Fv2%2Fcomments&post=43678"}],"version-history":[{"count":2,"href":"https:\/\/www.fuldaernachrichten.de\/index.php?rest_route=\/wp\/v2\/posts\/43678\/revisions"}],"predecessor-version":[{"id":43705,"href":"https:\/\/www.fuldaernachrichten.de\/index.php?rest_route=\/wp\/v2\/posts\/43678\/revisions\/43705"}],"wp:attachment":[{"href":"https:\/\/www.fuldaernachrichten.de\/index.php?rest_route=%2Fwp%2Fv2%2Fmedia&parent=43678"}],"wp:term":[{"taxonomy":"category","embeddable":true,"href":"https:\/\/www.fuldaernachrichten.de\/index.php?rest_route=%2Fwp%2Fv2%2Fcategories&post=43678"},{"taxonomy":"post_tag","embeddable":true,"href":"https:\/\/www.fuldaernachrichten.de\/index.php?rest_route=%2Fwp%2Fv2%2Ftags&post=43678"}],"curies":[{"name":"wp","href":"https:\/\/api.w.org\/{rel}","templated":true}]}}