{"id":43663,"date":"2009-11-02T05:29:10","date_gmt":"2009-11-02T04:29:10","guid":{"rendered":"http:\/\/www.schoene-nachrichten.de\/?p=43663"},"modified":"2009-11-02T07:29:29","modified_gmt":"2009-11-02T06:29:29","slug":"studientag-mit-jutta-beil-fulda-trauerkultur-heute-wie-wir-mit-dem-tod-umgehen","status":"publish","type":"post","link":"https:\/\/www.fuldaernachrichten.de\/?p=43663","title":{"rendered":"Studientag mit Jutta Beil: \u201eTrauerkultur heute \u2013 wie wir mit dem Tod umgehen!\u201c"},"content":{"rendered":"<p><strong>Fulda. <\/strong>Das soziale Erleben von Sterben, Tod und Trauer hat sich in unserer Gesellschaft in den letzten Jahrzehnten stark ver\u00e4ndert. Sich auch im Alltag immer wieder einmal mit der Endlichkeit des Lebens konfrontiert zu sehen, l\u00f6st Erschrecken und \u00c4ngste aus. F\u00fcr tapfer gilt, wer seinen Kummer unterdr\u00fcckt. Als Teil des Lebens lassen sich Tod und Trauer nicht verleugnen. In der Auseinandersetzung mit der Gestaltung von Abschied und Gedenken kann ein neuer Weg gefunden werden. Anmeldungen bitte direkt an das Bonifatiushaus, Neuenberger Str. 3-5, 36041 Fulda, Telefon: 06 61\/83 98-114 oder an die E-Mail-Adresse: info@bonifatiushaus.de. N\u00e4here Informationen hierzu gibt es auch unter <a href=\"http:\/\/www.bonifatiushaus.de\" target=\"_blank\">www.bonifatiushaus.de<\/a>.<\/p>\n","protected":false},"excerpt":{"rendered":"<div class=\"tmnf_excerpt\"><p>Fulda. Das soziale Erleben von Sterben, Tod und Trauer hat sich in unserer Gesellschaft in den letzten Jahrzehnten stark ver\u00e4ndert. Sich auch im Alltag immer wieder einmal mit der Endlichkeit des Lebens konfrontiert zu sehen, l\u00f6st Erschrecken und \u00c4ngste aus. F\u00fcr tapfer gilt, wer seinen Kummer unterdr\u00fcckt. Als Teil des Lebens lassen sich Tod und &hellip;<\/p>\n<\/div>","protected":false},"author":1,"featured_media":0,"comment_status":"closed","ping_status":"closed","sticky":false,"template":"","format":"standard","meta":{"footnotes":""},"categories":[1,53],"tags":[],"class_list":["post-43663","post","type-post","status-publish","format-standard","hentry","category-startseite","category-bildung"],"_links":{"self":[{"href":"https:\/\/www.fuldaernachrichten.de\/index.php?rest_route=\/wp\/v2\/posts\/43663","targetHints":{"allow":["GET"]}}],"collection":[{"href":"https:\/\/www.fuldaernachrichten.de\/index.php?rest_route=\/wp\/v2\/posts"}],"about":[{"href":"https:\/\/www.fuldaernachrichten.de\/index.php?rest_route=\/wp\/v2\/types\/post"}],"author":[{"embeddable":true,"href":"https:\/\/www.fuldaernachrichten.de\/index.php?rest_route=\/wp\/v2\/users\/1"}],"replies":[{"embeddable":true,"href":"https:\/\/www.fuldaernachrichten.de\/index.php?rest_route=%2Fwp%2Fv2%2Fcomments&post=43663"}],"version-history":[{"count":3,"href":"https:\/\/www.fuldaernachrichten.de\/index.php?rest_route=\/wp\/v2\/posts\/43663\/revisions"}],"predecessor-version":[{"id":43727,"href":"https:\/\/www.fuldaernachrichten.de\/index.php?rest_route=\/wp\/v2\/posts\/43663\/revisions\/43727"}],"wp:attachment":[{"href":"https:\/\/www.fuldaernachrichten.de\/index.php?rest_route=%2Fwp%2Fv2%2Fmedia&parent=43663"}],"wp:term":[{"taxonomy":"category","embeddable":true,"href":"https:\/\/www.fuldaernachrichten.de\/index.php?rest_route=%2Fwp%2Fv2%2Fcategories&post=43663"},{"taxonomy":"post_tag","embeddable":true,"href":"https:\/\/www.fuldaernachrichten.de\/index.php?rest_route=%2Fwp%2Fv2%2Ftags&post=43663"}],"curies":[{"name":"wp","href":"https:\/\/api.w.org\/{rel}","templated":true}]}}