{"id":43641,"date":"2009-11-03T05:52:30","date_gmt":"2009-11-03T04:52:30","guid":{"rendered":"http:\/\/www.schoene-nachrichten.de\/?p=43641"},"modified":"2009-11-03T06:59:42","modified_gmt":"2009-11-03T05:59:42","slug":"sperrmuellabfuhr-03-11-05-11-2009","status":"publish","type":"post","link":"https:\/\/www.fuldaernachrichten.de\/?p=43641","title":{"rendered":"Sperrm\u00fcllabfuhr 03.11. \u2013 05.11.2009"},"content":{"rendered":"<p><strong>Fula.<\/strong> Haushaltsgro\u00dfger\u00e4te (Waschmaschinen, Sp\u00fclmaschinen, W\u00e4schetrockner, K\u00fchlschr\u00e4nke, Elektro- und Gasherde) werden nach einer Anmeldung beim st\u00e4dtischen Umwelttelefon (Tel.: 102-1777) kostenlos an einem anderen Tag abgeholt. Eine Mitnahme bei der Sperrm\u00fcllabfuhr ist nicht m\u00f6glich. Der Sperrm\u00fcll ist um 6:00 Uhr auf dem \u00f6ffentlichen Gehweg bzw. am Fahrbahnrand bereitzustellen.<strong> <\/strong>In folgenden Stra\u00dfen wird Sperrm\u00fcll abgefahren:<!--more--><\/p>\n<p>Abfuhrtag: Dienstag, 03.11.2009<br \/>\nAntonius-Peyer-Stra\u00dfe, Friedrich-Stengel-Stra\u00dfe, Karl-Philipp-Arnd-Stra\u00dfe, Max-Reger-Stra\u00dfe, Michael-Henkel-Stra\u00dfe, Schumannstra\u00dfe (von Gallasiniring bis Michael-Henkel-Str.)<\/p>\n<p>Abfuhrtag: Mittwoch, 04.11.2009<br \/>\nAm Jagdstein, Am Kleegarten (von Am Jagdstein bis Michael-Henkel-Stra\u00dfe), Gallasiniring<\/p>\n<p>Abfuhrtag: Donnerstag, 05.11.2009<br \/>\nAdalbert-Stifter-Stra\u00dfe, Pacelliallee (von Michael-Henkel-Stra\u00dfe bis Dr.-Dietz-Stra\u00dfe), Schillerstra\u00dfe, Walahfridstra\u00dfe<\/p>\n","protected":false},"excerpt":{"rendered":"<div class=\"tmnf_excerpt\"><p>Fula. Haushaltsgro\u00dfger\u00e4te (Waschmaschinen, Sp\u00fclmaschinen, W\u00e4schetrockner, K\u00fchlschr\u00e4nke, Elektro- und Gasherde) werden nach einer Anmeldung beim st\u00e4dtischen Umwelttelefon (Tel.: 102-1777) kostenlos an einem anderen Tag abgeholt. Eine Mitnahme bei der Sperrm\u00fcllabfuhr ist nicht m\u00f6glich. Der Sperrm\u00fcll ist um 6:00 Uhr auf dem \u00f6ffentlichen Gehweg bzw. am Fahrbahnrand bereitzustellen. In folgenden Stra\u00dfen wird Sperrm\u00fcll abgefahren:<\/p>\n<\/div>","protected":false},"author":1,"featured_media":0,"comment_status":"closed","ping_status":"closed","sticky":false,"template":"","format":"standard","meta":{"footnotes":""},"categories":[1],"tags":[],"class_list":["post-43641","post","type-post","status-publish","format-standard","hentry","category-startseite"],"_links":{"self":[{"href":"https:\/\/www.fuldaernachrichten.de\/index.php?rest_route=\/wp\/v2\/posts\/43641","targetHints":{"allow":["GET"]}}],"collection":[{"href":"https:\/\/www.fuldaernachrichten.de\/index.php?rest_route=\/wp\/v2\/posts"}],"about":[{"href":"https:\/\/www.fuldaernachrichten.de\/index.php?rest_route=\/wp\/v2\/types\/post"}],"author":[{"embeddable":true,"href":"https:\/\/www.fuldaernachrichten.de\/index.php?rest_route=\/wp\/v2\/users\/1"}],"replies":[{"embeddable":true,"href":"https:\/\/www.fuldaernachrichten.de\/index.php?rest_route=%2Fwp%2Fv2%2Fcomments&post=43641"}],"version-history":[{"count":4,"href":"https:\/\/www.fuldaernachrichten.de\/index.php?rest_route=\/wp\/v2\/posts\/43641\/revisions"}],"predecessor-version":[{"id":43856,"href":"https:\/\/www.fuldaernachrichten.de\/index.php?rest_route=\/wp\/v2\/posts\/43641\/revisions\/43856"}],"wp:attachment":[{"href":"https:\/\/www.fuldaernachrichten.de\/index.php?rest_route=%2Fwp%2Fv2%2Fmedia&parent=43641"}],"wp:term":[{"taxonomy":"category","embeddable":true,"href":"https:\/\/www.fuldaernachrichten.de\/index.php?rest_route=%2Fwp%2Fv2%2Fcategories&post=43641"},{"taxonomy":"post_tag","embeddable":true,"href":"https:\/\/www.fuldaernachrichten.de\/index.php?rest_route=%2Fwp%2Fv2%2Ftags&post=43641"}],"curies":[{"name":"wp","href":"https:\/\/api.w.org\/{rel}","templated":true}]}}