{"id":43583,"date":"2009-10-30T05:45:54","date_gmt":"2009-10-30T04:45:54","guid":{"rendered":"http:\/\/www.schoene-nachrichten.de\/?p=43583"},"modified":"2009-10-30T07:38:16","modified_gmt":"2009-10-30T06:38:16","slug":"medizinische-klinik-i-erhaelt-weiterbildungsermaechtigung-fuer-die-internistische-intensivmedizin","status":"publish","type":"post","link":"https:\/\/www.fuldaernachrichten.de\/?p=43583","title":{"rendered":"Medizinische Klinik I erh\u00e4lt Weiterbildungserm\u00e4chtigung f\u00fcr die internistische Intensivmedizin"},"content":{"rendered":"<p><strong><a href=\"http:\/\/www.schoene-nachrichten.de\/wp-content\/uploads\/2009\/10\/091029_Weiterbildung.jpg\"><img decoding=\"async\" class=\"alignleft size-thumbnail wp-image-43584\" title=\"091029_Weiterbildung\" src=\"http:\/\/www.schoene-nachrichten.de\/wp-content\/uploads\/2009\/10\/091029_Weiterbildung-265x176.jpg\" alt=\"091029_Weiterbildung\" width=\"265\" height=\"176\" srcset=\"https:\/\/www.fuldaernachrichten.de\/wp-content\/uploads\/2009\/10\/091029_Weiterbildung-265x176.jpg 265w, https:\/\/www.fuldaernachrichten.de\/wp-content\/uploads\/2009\/10\/091029_Weiterbildung.jpg 592w\" sizes=\"(max-width: 265px) 100vw, 265px\" \/><\/a>Fulda. <\/strong>Mit Wirkung vom 7. Oktober 2009 besteht in der Medizinischen Klinik I (Direktor Prof. Dr. Volker Sch\u00e4chinger) die Weiterbildungsbefugnis f\u00fcr die internistische Intensivmedizin, welche durch Oberarzt Dr. Gerhard Schreiner wahrgenommen wird.\u00c2\u00a0 Die Medizinische Klinik I verf\u00fcgt bereits \u00fcber die Weiterbildungserm\u00e4chtigung im Bereich der Kardiologie sowie f\u00fcr die Innere Medizin, welche gemeinsam mit der Medizinischen Klinik II (Prof. Dr. Daniel Jaspersen) und Medizinischen Klinik III (Prof. Dr. Winfried Fassbinder) ausge\u00fcbt wird. Dies teilte das Klinikum in einer Presseinformation mit. Damit sei es gelungen, die Attraktivit\u00e4t des Klinikums Fulda f\u00fcr die Facharzt-Ausbildung weiter zu erh\u00f6hen.<!--more--><\/p>\n<p>Dr. Schreiner leitet die internistische Intensivstation ober\u00e4rztlich seit vielen Jahren und hat wesentlichen Anteil an deren Ausbau zu einer Einheit der Maximalversorgung. Die internistische Intensivstation umfasst derzeit 10 Intensivbetten sowie 6 \u00dcberwachungsbetten. Ein zus\u00e4tzlicher Schockraum mit R\u00f6ntgendurchleuchtung (C-Bogen) erm\u00f6glicht die Durchf\u00fchrung spezieller Eingriffe (z.B. Anlage passagerer Herzschrittmacher). Die Station verf\u00fcgt \u00fcber alle technischen und apparativen Optionen, um schwerste internistische Erkrankungen diagnostizieren und behandeln zu k\u00f6nnen. Zur guten Qualit\u00e4t tr\u00e4gt auch wesentlich das engagierte und hoch qualifizierte Pflegeteam bei.<\/p>\n<p>Die Intensivstation hat \u00fcberregionale Bedeutung in der Versorgung schwerkranker Patienten im Bereich Osthessen. Es werden s\u00e4mtliche medikament\u00f6sen und apparativen Verfahren moderner Intensivtherapie praktiziert: differenzierte maschinelle Beatmungsformen einschlie\u00dflich komplexer Verfahren (z.B. CO2-Elimination), Herz-\/Kreislauf\u00fcberwachung, intraaortaler Ballonpumpe zur Herzunterst\u00fctzung bei Schock oder\u00c2\u00a0 K\u00fchlung mittels Katheter nach Wiederbelebung. Verschiedene Dialyseverfahren werden von der Medizinischen Klinik III bereit gestellt und mitbetreut. Eine enge Kooperation besteht auch mit der Klinik f\u00fcr Neurologie, da neurologische Erkrankungen mit Beatmungspflichtigkeit gemeinsam versorgt werden.<\/p>\n<p>Damit gew\u00e4hrleistet die Intensivstation des Klinikums eine Maximalversorgung von vital bedrohlich erkrankten Patienten. Da h\u00e4ufig gleichzeitig schwerwiegende Erkrankungen mehrerer Organsysteme vorliegen, wird der interdisziplin\u00e4ren Behandlung im Team gro\u00dfen Wert beigemessen, was sich beispielsweise in den t\u00e4glichen gemeinsamen Visiten der Ober\u00e4rzte mehrerer spezialisierter Abteilungen widerspiegelt.<\/p>\n","protected":false},"excerpt":{"rendered":"<div class=\"tmnf_excerpt\"><p>Fulda. Mit Wirkung vom 7. Oktober 2009 besteht in der Medizinischen Klinik I (Direktor Prof. Dr. Volker Sch\u00e4chinger) die Weiterbildungsbefugnis f\u00fcr die internistische Intensivmedizin, welche durch Oberarzt Dr. Gerhard Schreiner wahrgenommen wird.\u00c2\u00a0 Die Medizinische Klinik I verf\u00fcgt bereits \u00fcber die Weiterbildungserm\u00e4chtigung im Bereich der Kardiologie sowie f\u00fcr die Innere Medizin, welche gemeinsam mit der Medizinischen &hellip;<\/p>\n<\/div>","protected":false},"author":1,"featured_media":0,"comment_status":"closed","ping_status":"closed","sticky":false,"template":"","format":"standard","meta":{"footnotes":""},"categories":[1,53,51],"tags":[],"class_list":["post-43583","post","type-post","status-publish","format-standard","hentry","category-startseite","category-bildung","category-medizin"],"_links":{"self":[{"href":"https:\/\/www.fuldaernachrichten.de\/index.php?rest_route=\/wp\/v2\/posts\/43583","targetHints":{"allow":["GET"]}}],"collection":[{"href":"https:\/\/www.fuldaernachrichten.de\/index.php?rest_route=\/wp\/v2\/posts"}],"about":[{"href":"https:\/\/www.fuldaernachrichten.de\/index.php?rest_route=\/wp\/v2\/types\/post"}],"author":[{"embeddable":true,"href":"https:\/\/www.fuldaernachrichten.de\/index.php?rest_route=\/wp\/v2\/users\/1"}],"replies":[{"embeddable":true,"href":"https:\/\/www.fuldaernachrichten.de\/index.php?rest_route=%2Fwp%2Fv2%2Fcomments&post=43583"}],"version-history":[{"count":3,"href":"https:\/\/www.fuldaernachrichten.de\/index.php?rest_route=\/wp\/v2\/posts\/43583\/revisions"}],"predecessor-version":[{"id":43591,"href":"https:\/\/www.fuldaernachrichten.de\/index.php?rest_route=\/wp\/v2\/posts\/43583\/revisions\/43591"}],"wp:attachment":[{"href":"https:\/\/www.fuldaernachrichten.de\/index.php?rest_route=%2Fwp%2Fv2%2Fmedia&parent=43583"}],"wp:term":[{"taxonomy":"category","embeddable":true,"href":"https:\/\/www.fuldaernachrichten.de\/index.php?rest_route=%2Fwp%2Fv2%2Fcategories&post=43583"},{"taxonomy":"post_tag","embeddable":true,"href":"https:\/\/www.fuldaernachrichten.de\/index.php?rest_route=%2Fwp%2Fv2%2Ftags&post=43583"}],"curies":[{"name":"wp","href":"https:\/\/api.w.org\/{rel}","templated":true}]}}