{"id":43527,"date":"2009-10-30T05:55:28","date_gmt":"2009-10-30T04:55:28","guid":{"rendered":"http:\/\/www.schoene-nachrichten.de\/?p=43527"},"modified":"2009-10-30T07:40:41","modified_gmt":"2009-10-30T06:40:41","slug":"kunst-und-kirche-profitaenzer-proben-fuer-getanzte-vesper","status":"publish","type":"post","link":"https:\/\/www.fuldaernachrichten.de\/?p=43527","title":{"rendered":"Kunst und Kirche \u2013   Profit\u00e4nzer proben f\u00fcr \u201eGetanzte Vesper\u201c"},"content":{"rendered":"<p><strong><a href=\"http:\/\/www.schoene-nachrichten.de\/wp-content\/uploads\/2009\/10\/091029_Vesper.jpg\"><img fetchpriority=\"high\" decoding=\"async\" class=\"alignleft size-thumbnail wp-image-43530\" title=\"091029_Vesper\" src=\"http:\/\/www.schoene-nachrichten.de\/wp-content\/uploads\/2009\/10\/091029_Vesper-265x371.jpg\" alt=\"091029_Vesper\" width=\"265\" height=\"371\" srcset=\"https:\/\/www.fuldaernachrichten.de\/wp-content\/uploads\/2009\/10\/091029_Vesper-265x371.jpg 265w, https:\/\/www.fuldaernachrichten.de\/wp-content\/uploads\/2009\/10\/091029_Vesper.jpg 399w\" sizes=\"(max-width: 265px) 100vw, 265px\" \/><\/a>Fulda. <\/strong>Nach dem gro\u00dfen Zuspruch in den Jahren 2004 und 2007 bereiten sich in diesem Jahr wieder K\u00fcnstler auf das Fuldaer Projekt \u201eeine getanzte Vesper im Advent\u201c vor. Dieses au\u00dfergew\u00f6hnliche, k\u00fcnstlerisch gestaltete Abendgebet findet am dritten Adventssonntag, dem 13. Dezember 2009 um 19.30 Uhr in der Stadtpfarrkirche Fulda statt. Unter dem Leitwort &#8220;Nun tragt eurer G\u00fcte hellen Schein, weit in die dunkle Welt hinein&#8221; wird eine Vesper gestaltet, in die Musik, Projektion, Sprache, Tanz und Licht einflie\u00dfen. Idee und Konzept entwickelte die T\u00e4nzerin und Choreographin Doroth\u00e9e Bretz aus Fulda, die zusammen mit den T\u00e4nzerinnen Loreen Fajgel aus Kassel und Laila Clematide aus D\u00fcsseldorf die darstellerischen Parts \u00fcbernimmt. Die musikalische Gestaltung obliegt Prof. Hans-J\u00fcrgen Kaiser, Orgel, Jochen Fuchs, Cello und Dorina Rauch, Gesang. Das Lichtdesign kreiert Martin D\u00f6lle. Die liturgische Leitung dieser besonderen Vesper hat Dechant Markus Bl\u00fcmel aus Eiterfeld: \u201eich freue mich sehr auf dieses Gott sicher wohlgef\u00e4llige Gebet im Advent\u201c.<!--more--><\/p>\n<p>Die professionellen T\u00e4nzerinnen, die sich ehrenamtlich bei diesem Projekt engagieren, sind in verschiedenen Ensembles t\u00e4tig und haben ihre Ausbildung an renommierten Schulen erhalten:\u00c2\u00a0 Doroth\u00e9e Bretz (Fulda), Hochschule f\u00fcr Musik und Darstellende Kunst in Frankfurt; Laila Clematide (D\u00fcsseldorf), Palucca Schule in Dresden und Rudra B\u00e9jart in Lausanne; Loreen Fajgel (Kassel), Royal Ballett Academy; Doroth\u00e9e Bretz, k\u00fcnstlerische Leiterin des Projekts, meint bei den Proben: \u201eDer Tanz, wie \u00fcberhaupt die darstellenden K\u00fcnste, finden als kirchliche Kultursparten noch wenig Anwendung in Liturgie und Sakralraum.<\/p>\n<p><a href=\"http:\/\/www.schoene-nachrichten.de\/wp-content\/uploads\/2009\/10\/091029_Kunst1.jpg\"><img decoding=\"async\" class=\"alignleft size-thumbnail wp-image-43529\" title=\"091029_Kunst\" src=\"http:\/\/www.schoene-nachrichten.de\/wp-content\/uploads\/2009\/10\/091029_Kunst1-265x150.jpg\" alt=\"091029_Kunst\" width=\"265\" height=\"150\" srcset=\"https:\/\/www.fuldaernachrichten.de\/wp-content\/uploads\/2009\/10\/091029_Kunst1-265x150.jpg 265w, https:\/\/www.fuldaernachrichten.de\/wp-content\/uploads\/2009\/10\/091029_Kunst1.jpg 592w\" sizes=\"(max-width: 265px) 100vw, 265px\" \/><\/a>Das liegt z.T. auch an den sehr speziellen Bedingungen die diese Kunstform erfordert, wie, freier Platz und Bodenbeschaffenheit. Dabei ist der Tanz hervorragend geeignet der Transzendenz des Glaubens Ausdruck zu verleihen. Profit\u00e4nzer zu finden, die auch inhaltlich hinter solch einem Projekt stehen, sind jedenfalls noch eine Ausnahme und eine L\u00fccke, die zu f\u00fcllen sich lohnt.\u201c<\/p>\n<p>Thomas Bretz, Referent f\u00fcr Neuevangelisierung im Seelsorgeamt des Bisch\u00f6flichen Generalvikariats und Mitinitiator dieses Projekts zur Verbindung von Kunst und Kirche: \u201eGewiss ist Glauben vor allem ein Ereignis der Gnade. Dennoch bleiben die Sinne die Tore der Seele, was wir auch an vielen Reaktionen von kunst- und kulturinteressierten Besuchern nach solchen Veranstaltungen erleben.\u201c<\/p>\n<p>Die getanzte Vesper versteht sich nicht als eine Auff\u00fchrung im \u00fcblichen Sinne, sondern als Anregung zu Gedanken und Gebeten im Advent. Veranstalter sind &#8220;Creative Arts Europe&#8221; (CAE) und das Referat Neuevangelisierung im Seelsorgeamt des Bisch\u00f6flichen Generalvikariats.<\/p>\n","protected":false},"excerpt":{"rendered":"<div class=\"tmnf_excerpt\"><p>Fulda. Nach dem gro\u00dfen Zuspruch in den Jahren 2004 und 2007 bereiten sich in diesem Jahr wieder K\u00fcnstler auf das Fuldaer Projekt \u201eeine getanzte Vesper im Advent\u201c vor. Dieses au\u00dfergew\u00f6hnliche, k\u00fcnstlerisch gestaltete Abendgebet findet am dritten Adventssonntag, dem 13. Dezember 2009 um 19.30 Uhr in der Stadtpfarrkirche Fulda statt. Unter dem Leitwort &#8220;Nun tragt eurer &hellip;<\/p>\n<\/div>","protected":false},"author":1,"featured_media":0,"comment_status":"closed","ping_status":"closed","sticky":false,"template":"","format":"standard","meta":{"footnotes":""},"categories":[1,50,44],"tags":[],"class_list":["post-43527","post","type-post","status-publish","format-standard","hentry","category-startseite","category-kirche","category-kultur"],"_links":{"self":[{"href":"https:\/\/www.fuldaernachrichten.de\/index.php?rest_route=\/wp\/v2\/posts\/43527","targetHints":{"allow":["GET"]}}],"collection":[{"href":"https:\/\/www.fuldaernachrichten.de\/index.php?rest_route=\/wp\/v2\/posts"}],"about":[{"href":"https:\/\/www.fuldaernachrichten.de\/index.php?rest_route=\/wp\/v2\/types\/post"}],"author":[{"embeddable":true,"href":"https:\/\/www.fuldaernachrichten.de\/index.php?rest_route=\/wp\/v2\/users\/1"}],"replies":[{"embeddable":true,"href":"https:\/\/www.fuldaernachrichten.de\/index.php?rest_route=%2Fwp%2Fv2%2Fcomments&post=43527"}],"version-history":[{"count":4,"href":"https:\/\/www.fuldaernachrichten.de\/index.php?rest_route=\/wp\/v2\/posts\/43527\/revisions"}],"predecessor-version":[{"id":47612,"href":"https:\/\/www.fuldaernachrichten.de\/index.php?rest_route=\/wp\/v2\/posts\/43527\/revisions\/47612"}],"wp:attachment":[{"href":"https:\/\/www.fuldaernachrichten.de\/index.php?rest_route=%2Fwp%2Fv2%2Fmedia&parent=43527"}],"wp:term":[{"taxonomy":"category","embeddable":true,"href":"https:\/\/www.fuldaernachrichten.de\/index.php?rest_route=%2Fwp%2Fv2%2Fcategories&post=43527"},{"taxonomy":"post_tag","embeddable":true,"href":"https:\/\/www.fuldaernachrichten.de\/index.php?rest_route=%2Fwp%2Fv2%2Ftags&post=43527"}],"curies":[{"name":"wp","href":"https:\/\/api.w.org\/{rel}","templated":true}]}}