{"id":43521,"date":"2009-10-30T06:00:16","date_gmt":"2009-10-30T05:00:16","guid":{"rendered":"http:\/\/www.schoene-nachrichten.de\/?p=43521"},"modified":"2009-10-30T07:41:39","modified_gmt":"2009-10-30T06:41:39","slug":"ratgeber-studien-und-berufswahl-20092010","status":"publish","type":"post","link":"https:\/\/www.fuldaernachrichten.de\/?p=43521","title":{"rendered":"Ratgeber &#8220;Studien- und Berufswahl 2009\/2010&#8221;"},"content":{"rendered":"<p><strong>Wiesbaden \/ N\u00fcrnberg.<\/strong> Die 39. Auflage des Handbuchs \u201eStudien- und Berufswahl 2009\/2010\u201c ist soeben erschienen. Der Klassiker unter den Ratgebern zur Studienwahlvorbereitung und zu Fragen rund ums Studium richtet sich vor allem an Sch\u00fclerinnen und Sch\u00fcler der vorletzten Jahrgangsstufe an Schulen, die zur allgemeinen Hochschulreife f\u00fchren, und an die Abschlussklassen der Schulen, welche die Fachhochschulreife vermitteln. Sie bekommen das mehr als 800 Seiten umfassende Buch unentgeltlich in ihrer Schule.<!--more--><\/p>\n<p>Das Werk informiert rechtzeitig vor Erwerb der Hochschulzugangsberechtigung \u00fcber Studienm\u00f6glichkeiten, berufliche Ausbildungswege und beantwortet allgemeine Fragen rund um die Themen Studium und Berufswahl.<\/p>\n<p>Handbuch und Online-Informationen (www.studienwahl.de) bieten fundierte Entscheidungshilfen f\u00fcr die Studien- und Karriereplanung. Beide Medien bieten einen umfassenden und aktuellen \u00dcberblick \u00fcber die Studienangebote deutscher Hochschulen. Daneben werden Themen wie Zulassung, neue Hochschulabschl\u00fcsse, internationales Studium oder Fragen der Studienfinanzierung behandelt. Ein umfangreicher Informationsteil nennt alle Hochschulen und Standorte sowie Ansprechpartner und weitere Informationsquellen.<\/p>\n<p>Das j\u00e4hrlich neu aufgelegte Handbuch wird gemeinsam von den L\u00e4ndern der Bundesrepublik Deutschland und der Bundesagentur f\u00fcr Arbeit herausgegeben. Es ist im Buchhandel zum Preis von 8,80 Euro erh\u00e4ltlich (ISBN 978-3-8214-7315-4).<\/p>\n","protected":false},"excerpt":{"rendered":"<div class=\"tmnf_excerpt\"><p>Wiesbaden \/ N\u00fcrnberg. Die 39. Auflage des Handbuchs \u201eStudien- und Berufswahl 2009\/2010\u201c ist soeben erschienen. Der Klassiker unter den Ratgebern zur Studienwahlvorbereitung und zu Fragen rund ums Studium richtet sich vor allem an Sch\u00fclerinnen und Sch\u00fcler der vorletzten Jahrgangsstufe an Schulen, die zur allgemeinen Hochschulreife f\u00fchren, und an die Abschlussklassen der Schulen, welche die Fachhochschulreife &hellip;<\/p>\n<\/div>","protected":false},"author":1,"featured_media":0,"comment_status":"closed","ping_status":"closed","sticky":false,"template":"","format":"standard","meta":{"footnotes":""},"categories":[1,53],"tags":[],"class_list":["post-43521","post","type-post","status-publish","format-standard","hentry","category-startseite","category-bildung"],"_links":{"self":[{"href":"https:\/\/www.fuldaernachrichten.de\/index.php?rest_route=\/wp\/v2\/posts\/43521","targetHints":{"allow":["GET"]}}],"collection":[{"href":"https:\/\/www.fuldaernachrichten.de\/index.php?rest_route=\/wp\/v2\/posts"}],"about":[{"href":"https:\/\/www.fuldaernachrichten.de\/index.php?rest_route=\/wp\/v2\/types\/post"}],"author":[{"embeddable":true,"href":"https:\/\/www.fuldaernachrichten.de\/index.php?rest_route=\/wp\/v2\/users\/1"}],"replies":[{"embeddable":true,"href":"https:\/\/www.fuldaernachrichten.de\/index.php?rest_route=%2Fwp%2Fv2%2Fcomments&post=43521"}],"version-history":[{"count":3,"href":"https:\/\/www.fuldaernachrichten.de\/index.php?rest_route=\/wp\/v2\/posts\/43521\/revisions"}],"predecessor-version":[{"id":43596,"href":"https:\/\/www.fuldaernachrichten.de\/index.php?rest_route=\/wp\/v2\/posts\/43521\/revisions\/43596"}],"wp:attachment":[{"href":"https:\/\/www.fuldaernachrichten.de\/index.php?rest_route=%2Fwp%2Fv2%2Fmedia&parent=43521"}],"wp:term":[{"taxonomy":"category","embeddable":true,"href":"https:\/\/www.fuldaernachrichten.de\/index.php?rest_route=%2Fwp%2Fv2%2Fcategories&post=43521"},{"taxonomy":"post_tag","embeddable":true,"href":"https:\/\/www.fuldaernachrichten.de\/index.php?rest_route=%2Fwp%2Fv2%2Ftags&post=43521"}],"curies":[{"name":"wp","href":"https:\/\/api.w.org\/{rel}","templated":true}]}}