{"id":43519,"date":"2009-10-30T06:00:32","date_gmt":"2009-10-30T05:00:32","guid":{"rendered":"http:\/\/www.schoene-nachrichten.de\/?p=43519"},"modified":"2009-10-30T07:45:44","modified_gmt":"2009-10-30T06:45:44","slug":"pontifikalgottesdienste-an-allerheiligen-und-allerseelen-im-dom-3","status":"publish","type":"post","link":"https:\/\/www.fuldaernachrichten.de\/?p=43519","title":{"rendered":"Pontifikalgottesdienste an Allerheiligen und Allerseelen im Dom"},"content":{"rendered":"<p><strong>Fulda.<\/strong> Weihbischof Prof. Dr. Karlheinz Diez wird am Fest Allerheiligen (Sonntag, 1. November) um 9.30 Uhr im Fuldaer Dom ein Pontifikalamt feiern. Der Jugendkathedralchor unter Leitung von Domkapellmeister Franz-Peter Huber wird dabei Chors\u00e4tze von J. E. Eberlin aus der \u201eMissa San Giuseppe\u201c sowie von J. Rheinberger und Th. Riegler und weitere im Wechsel mit der Gemeinde singen. Die Orgel spielt Domorganist Prof. Hans-J\u00fcrgen Kaiser, die Chororgel Nico Miller. An Allerseelen (Montag, 2. November) feiert Bischof Heinz Josef Algermissen um 18.30 Uhr ein Pontifikalamt, bei dem der Domchor unter der Leitung Hubers Chors\u00e4tze von M. Dupr\u00e9 und F. Mendelssohn-Bartholdy sowie weitere im Wechsel mit der Gemeinde singen wird, unter Mitwirkung von Prof. Kaiser an der Orgel. Am Vormittag h\u00e4lt Weihbischof Diez um 9 Uhr das Pontifikalrequiem.<!--more--><\/p>\n<p><strong>Allerheiligen und Allerseelen<\/strong><\/p>\n<p>An Allerheiligen (1. November) gedenken die Christen der Verstorbenen. Urspr\u00fcnglich war dieser Tag jedoch ein \u00f6sterliches Fest, an dem die Kirche an die unbekannten Heiligen erinnerte. Der neue Festtermin 1. November entstand in Irland im 8.\/9. Jahrhundert. Durch die irisch-schottischen M\u00f6nche gelangte das Allerheiligkeitsfest im 9. Jahrhundert auf den Kontinent. Als Initiator gilt der Theologe Alkuin.<\/p>\n<p>Allerheiligen ist nicht allein das Fest der offiziell Heiliggesprochenen, denn an diesem Tag bekennt die Kirche, da\u00df es eine gro\u00dfe Schar von Heiligen aus allen Zeiten und V\u00f6lkern gebe. Die Katholische Christenheit glaubt, da\u00df viele Verstorbene wie Heilige verehrt werden k\u00f6nnen. Von diesen Menschen wird angenommen, da\u00df sie die h\u00f6chste Vollendung ihres Lebens in Gemeinschaft mit Gott erreicht haben. Die erste f\u00f6rmliche Heiligsprechung (Kanonisation) durch den Papst erfolgte f\u00fcr den hl. Ulrich von Augsburg (923-973) im Jahre 993.<\/p>\n<p>Allerseelen (2. November) ist der eigentliche Totengedenktag. Die Kirche feiert beide Festtage in der \u00dcberzeugung, da\u00df durch Jesus Christus eine Verbindung zwischen Lebenden und Toten besteht. Der Allerseelentag etablierte sich seit dem Hochmittelalter, bef\u00f6rdert durch das burgundische Benediktinerkloster Cluny. An diesem Tag wird jener Toten gedacht, die sich, so nimmt die Kirche an, in einem Reinigungszustand befinden und noch keine volle Gemeinschaft mit Gott erreicht haben. F\u00fcr diese Menschen wird gebetet, um ihnen zu helfen.<\/p>\n<p>Allerheiligen ist in Baden-W\u00fcrttemberg, Bayern, Nordrhein-Westfalen, Rheinland-Pfalz und im Saarland gesetzlicher Feiertag. (bpf)<\/p>\n","protected":false},"excerpt":{"rendered":"<div class=\"tmnf_excerpt\"><p>Fulda. Weihbischof Prof. Dr. Karlheinz Diez wird am Fest Allerheiligen (Sonntag, 1. November) um 9.30 Uhr im Fuldaer Dom ein Pontifikalamt feiern. Der Jugendkathedralchor unter Leitung von Domkapellmeister Franz-Peter Huber wird dabei Chors\u00e4tze von J. E. Eberlin aus der \u201eMissa San Giuseppe\u201c sowie von J. Rheinberger und Th. Riegler und weitere im Wechsel mit der &hellip;<\/p>\n<\/div>","protected":false},"author":1,"featured_media":0,"comment_status":"closed","ping_status":"closed","sticky":false,"template":"","format":"standard","meta":{"footnotes":""},"categories":[1,50],"tags":[],"class_list":["post-43519","post","type-post","status-publish","format-standard","hentry","category-startseite","category-kirche"],"_links":{"self":[{"href":"https:\/\/www.fuldaernachrichten.de\/index.php?rest_route=\/wp\/v2\/posts\/43519","targetHints":{"allow":["GET"]}}],"collection":[{"href":"https:\/\/www.fuldaernachrichten.de\/index.php?rest_route=\/wp\/v2\/posts"}],"about":[{"href":"https:\/\/www.fuldaernachrichten.de\/index.php?rest_route=\/wp\/v2\/types\/post"}],"author":[{"embeddable":true,"href":"https:\/\/www.fuldaernachrichten.de\/index.php?rest_route=\/wp\/v2\/users\/1"}],"replies":[{"embeddable":true,"href":"https:\/\/www.fuldaernachrichten.de\/index.php?rest_route=%2Fwp%2Fv2%2Fcomments&post=43519"}],"version-history":[{"count":2,"href":"https:\/\/www.fuldaernachrichten.de\/index.php?rest_route=\/wp\/v2\/posts\/43519\/revisions"}],"predecessor-version":[{"id":43605,"href":"https:\/\/www.fuldaernachrichten.de\/index.php?rest_route=\/wp\/v2\/posts\/43519\/revisions\/43605"}],"wp:attachment":[{"href":"https:\/\/www.fuldaernachrichten.de\/index.php?rest_route=%2Fwp%2Fv2%2Fmedia&parent=43519"}],"wp:term":[{"taxonomy":"category","embeddable":true,"href":"https:\/\/www.fuldaernachrichten.de\/index.php?rest_route=%2Fwp%2Fv2%2Fcategories&post=43519"},{"taxonomy":"post_tag","embeddable":true,"href":"https:\/\/www.fuldaernachrichten.de\/index.php?rest_route=%2Fwp%2Fv2%2Ftags&post=43519"}],"curies":[{"name":"wp","href":"https:\/\/api.w.org\/{rel}","templated":true}]}}