{"id":43509,"date":"2009-10-30T05:10:41","date_gmt":"2009-10-30T04:10:41","guid":{"rendered":"http:\/\/www.schoene-nachrichten.de\/?p=43509"},"modified":"2009-10-30T07:48:48","modified_gmt":"2009-10-30T06:48:48","slug":"20-angestellte-von-ups-engagieren-sich-ehrenamtlich-im-antonius-heim","status":"publish","type":"post","link":"https:\/\/www.fuldaernachrichten.de\/?p=43509","title":{"rendered":"20 Angestellte von UPS engagieren sich ehrenamtlich im Antonius-Heim"},"content":{"rendered":"<p><a href=\"http:\/\/www.schoene-nachrichten.de\/wp-content\/uploads\/2009\/10\/091029_UPS.jpg\"><img decoding=\"async\" class=\"alignleft size-thumbnail wp-image-43510\" title=\"091029_UPS\" src=\"http:\/\/www.schoene-nachrichten.de\/wp-content\/uploads\/2009\/10\/091029_UPS.jpg\" alt=\"091029_UPS\" width=\"560\" srcset=\"https:\/\/www.fuldaernachrichten.de\/wp-content\/uploads\/2009\/10\/091029_UPS.jpg 592w, https:\/\/www.fuldaernachrichten.de\/wp-content\/uploads\/2009\/10\/091029_UPS-265x178.jpg 265w\" sizes=\"(max-width: 592px) 100vw, 592px\" \/><\/a><a><\/a><\/p>\n<p><a><strong>Fulda.<\/strong> Bereits zum 2. Mal hat UPS sein j\u00e4hrliches soziales Engagement dem Antoniusheim gewidmet. Gemeinsam mit 10 Mitarbeitern der Arbeitsgruppe Garten, haben 20 Angestellte des Logistikunternehmens die \u00c4rmel hochgekrempelt und motiviert bei den Arbeiten im Kellergarten mit angefasst. Dort entsteht eine rollstuhlgerecht angelegte Gru\u00cc\u02c6nfl\u00e4che, die ein Begegnungsort fu\u00cc\u02c6r Fuldaer Bu\u00cc\u02c6rger und Bewohnern des Antonius-Heims werden soll.<!--more--><\/a><\/p>\n<p><a href=\"http:\/\/www.schoene-nachrichten.de\/wp-content\/uploads\/2009\/10\/091029_UPS2.jpg\"><img fetchpriority=\"high\" decoding=\"async\" class=\"alignnone size-thumbnail wp-image-43511\" title=\"091029_UPS2\" src=\"http:\/\/www.schoene-nachrichten.de\/wp-content\/uploads\/2009\/10\/091029_UPS2-265x198.jpg\" alt=\"091029_UPS2\" width=\"265\" height=\"198\" srcset=\"https:\/\/www.fuldaernachrichten.de\/wp-content\/uploads\/2009\/10\/091029_UPS2-265x198.jpg 265w, https:\/\/www.fuldaernachrichten.de\/wp-content\/uploads\/2009\/10\/091029_UPS2.jpg 592w\" sizes=\"(max-width: 265px) 100vw, 265px\" \/><\/a> <a href=\"http:\/\/www.schoene-nachrichten.de\/wp-content\/uploads\/2009\/10\/091029_UPS3.jpg\"><img decoding=\"async\" class=\"alignnone size-thumbnail wp-image-43512\" title=\"091029_UPS3\" src=\"http:\/\/www.schoene-nachrichten.de\/wp-content\/uploads\/2009\/10\/091029_UPS3-265x198.jpg\" alt=\"091029_UPS3\" width=\"265\" height=\"198\" srcset=\"https:\/\/www.fuldaernachrichten.de\/wp-content\/uploads\/2009\/10\/091029_UPS3-265x198.jpg 265w, https:\/\/www.fuldaernachrichten.de\/wp-content\/uploads\/2009\/10\/091029_UPS3.jpg 592w\" sizes=\"(max-width: 265px) 100vw, 265px\" \/><\/a><\/p>\n<p>Wie positiv solche Begegnungen sind, zeigte sich bereits bei der Zusammenarbeit. Es wurden neben der Gru\u00cc\u02c6nfl\u00e4chenpflege auch Wasserleitungen verlegt und die Wege mit Beton und Randsteinen versehen. Fru\u00cc\u02c6hstu\u00cc\u02c6ck und Mittagessen f\u00f6rderten den gemeinsamen Austausch und diente dazu, Beziehungen aufzubauen. Da soziales Engagement nicht selbstverst\u00e4ndlich ist, freut sich das Antoniusheim um so mehr, dass UPS bereits fu\u00cc\u02c6r das n\u00e4chste Jahr wieder seine Unterstu\u00cc\u02c6tzung zugesagt hat.<\/p>\n","protected":false},"excerpt":{"rendered":"<div class=\"tmnf_excerpt\"><p>Fulda. Bereits zum 2. Mal hat UPS sein j\u00e4hrliches soziales Engagement dem Antoniusheim gewidmet. Gemeinsam mit 10 Mitarbeitern der Arbeitsgruppe Garten, haben 20 Angestellte des Logistikunternehmens die \u00c4rmel hochgekrempelt und motiviert bei den Arbeiten im Kellergarten mit angefasst. Dort entsteht eine rollstuhlgerecht angelegte Gru\u00cc\u02c6nfl\u00e4che, die ein Begegnungsort fu\u00cc\u02c6r Fuldaer Bu\u00cc\u02c6rger und Bewohnern des Antonius-Heims werden &hellip;<\/p>\n<\/div>","protected":false},"author":1,"featured_media":0,"comment_status":"closed","ping_status":"closed","sticky":false,"template":"","format":"standard","meta":{"footnotes":""},"categories":[1,72,78],"tags":[],"class_list":["post-43509","post","type-post","status-publish","format-standard","hentry","category-startseite","category-jugend","category-topthema"],"_links":{"self":[{"href":"https:\/\/www.fuldaernachrichten.de\/index.php?rest_route=\/wp\/v2\/posts\/43509","targetHints":{"allow":["GET"]}}],"collection":[{"href":"https:\/\/www.fuldaernachrichten.de\/index.php?rest_route=\/wp\/v2\/posts"}],"about":[{"href":"https:\/\/www.fuldaernachrichten.de\/index.php?rest_route=\/wp\/v2\/types\/post"}],"author":[{"embeddable":true,"href":"https:\/\/www.fuldaernachrichten.de\/index.php?rest_route=\/wp\/v2\/users\/1"}],"replies":[{"embeddable":true,"href":"https:\/\/www.fuldaernachrichten.de\/index.php?rest_route=%2Fwp%2Fv2%2Fcomments&post=43509"}],"version-history":[{"count":5,"href":"https:\/\/www.fuldaernachrichten.de\/index.php?rest_route=\/wp\/v2\/posts\/43509\/revisions"}],"predecessor-version":[{"id":43610,"href":"https:\/\/www.fuldaernachrichten.de\/index.php?rest_route=\/wp\/v2\/posts\/43509\/revisions\/43610"}],"wp:attachment":[{"href":"https:\/\/www.fuldaernachrichten.de\/index.php?rest_route=%2Fwp%2Fv2%2Fmedia&parent=43509"}],"wp:term":[{"taxonomy":"category","embeddable":true,"href":"https:\/\/www.fuldaernachrichten.de\/index.php?rest_route=%2Fwp%2Fv2%2Fcategories&post=43509"},{"taxonomy":"post_tag","embeddable":true,"href":"https:\/\/www.fuldaernachrichten.de\/index.php?rest_route=%2Fwp%2Fv2%2Ftags&post=43509"}],"curies":[{"name":"wp","href":"https:\/\/api.w.org\/{rel}","templated":true}]}}