{"id":43482,"date":"2009-10-30T06:10:38","date_gmt":"2009-10-30T05:10:38","guid":{"rendered":"http:\/\/www.schoene-nachrichten.de\/?p=43482"},"modified":"2009-10-30T07:44:46","modified_gmt":"2009-10-30T06:44:46","slug":"pruefungsergebnisse-online-270-berufe-auf-einen-blick-startschuss-fuer-bundesweit-einheitliche-ihk-pruefungsstatistik","status":"publish","type":"post","link":"https:\/\/www.fuldaernachrichten.de\/?p=43482","title":{"rendered":"Pr\u00fcfungsergebnisse online: 270 Berufe auf einen Blick  Startschuss f\u00fcr bundesweit einheitliche IHK-Pr\u00fcfungsstatistik"},"content":{"rendered":"<p><strong>Fulda. <\/strong>Wie gut bin ich, fragt sich mancher Ausbildungsabsolvent nach bestandener Pr\u00fcfung. Am 28. Oktober ver\u00f6ffentlichten die Industrie- und Handelskammern zum ersten Mal eine bundesweit einheitliche Pr\u00fcfungsstatistik f\u00fcr alle 270 IHK-Berufe. Damit ist es f\u00fcr Betriebe und Azubis leichter, die Ergebnisse ihrer Abschlusspr\u00fcfung mit den Durchschnittsergebnissen auf IHK-, Landes- und Bundesebene zu vergleichen. Vor allem Unternehmen, die an mehreren Standorten ausbilden, k\u00f6nnen so die Qualit\u00e4t ihrer jeweiligen Ausbildung schneller einsch\u00e4tzen. Zugleich erlaubt die neue Pr\u00fcfungsstatistik jungen Fachkr\u00e4ften, ihr Leistungsverm\u00f6gen mit anderen Ausbildungsabsolventen zu messen.<!--more--><\/p>\n<p>Die Pr\u00fcfungsstatistik kann auf der Homepage der IHK Fulda (www.ihk.de, Rubrik Ausbildung, Pr\u00fcfungsstatistik) eingesehen werden. Die Statistik startet mit den Ergebnissen der Sommerpr\u00fcfung 2009. Die Statistiken der k\u00fcnftigen Abschlusspr\u00fcfungen werden regelm\u00e4\u00dfig im April (Pr\u00fcfungsergebnisse der Winterabschlusspr\u00fcfung) und im Oktober (Pr\u00fcfungsergebnisse der Sommerabschlusspr\u00fcfung) ver\u00f6ffentlicht.<\/p>\n<p>Die Pr\u00fcfungsstatistik ist Bestandteil eines Programms zur Weiterentwicklung der Arbeit der Industrie- und Handelskammern im Bereich von Pr\u00fcfungen und Zertifizierungen.<\/p>\n","protected":false},"excerpt":{"rendered":"<div class=\"tmnf_excerpt\"><p>Fulda. Wie gut bin ich, fragt sich mancher Ausbildungsabsolvent nach bestandener Pr\u00fcfung. Am 28. Oktober ver\u00f6ffentlichten die Industrie- und Handelskammern zum ersten Mal eine bundesweit einheitliche Pr\u00fcfungsstatistik f\u00fcr alle 270 IHK-Berufe. Damit ist es f\u00fcr Betriebe und Azubis leichter, die Ergebnisse ihrer Abschlusspr\u00fcfung mit den Durchschnittsergebnissen auf IHK-, Landes- und Bundesebene zu vergleichen. Vor allem &hellip;<\/p>\n<\/div>","protected":false},"author":1,"featured_media":0,"comment_status":"closed","ping_status":"closed","sticky":false,"template":"","format":"standard","meta":{"footnotes":""},"categories":[1,53],"tags":[],"class_list":["post-43482","post","type-post","status-publish","format-standard","hentry","category-startseite","category-bildung"],"_links":{"self":[{"href":"https:\/\/www.fuldaernachrichten.de\/index.php?rest_route=\/wp\/v2\/posts\/43482","targetHints":{"allow":["GET"]}}],"collection":[{"href":"https:\/\/www.fuldaernachrichten.de\/index.php?rest_route=\/wp\/v2\/posts"}],"about":[{"href":"https:\/\/www.fuldaernachrichten.de\/index.php?rest_route=\/wp\/v2\/types\/post"}],"author":[{"embeddable":true,"href":"https:\/\/www.fuldaernachrichten.de\/index.php?rest_route=\/wp\/v2\/users\/1"}],"replies":[{"embeddable":true,"href":"https:\/\/www.fuldaernachrichten.de\/index.php?rest_route=%2Fwp%2Fv2%2Fcomments&post=43482"}],"version-history":[{"count":3,"href":"https:\/\/www.fuldaernachrichten.de\/index.php?rest_route=\/wp\/v2\/posts\/43482\/revisions"}],"predecessor-version":[{"id":43603,"href":"https:\/\/www.fuldaernachrichten.de\/index.php?rest_route=\/wp\/v2\/posts\/43482\/revisions\/43603"}],"wp:attachment":[{"href":"https:\/\/www.fuldaernachrichten.de\/index.php?rest_route=%2Fwp%2Fv2%2Fmedia&parent=43482"}],"wp:term":[{"taxonomy":"category","embeddable":true,"href":"https:\/\/www.fuldaernachrichten.de\/index.php?rest_route=%2Fwp%2Fv2%2Fcategories&post=43482"},{"taxonomy":"post_tag","embeddable":true,"href":"https:\/\/www.fuldaernachrichten.de\/index.php?rest_route=%2Fwp%2Fv2%2Ftags&post=43482"}],"curies":[{"name":"wp","href":"https:\/\/api.w.org\/{rel}","templated":true}]}}