{"id":43385,"date":"2009-10-29T05:57:19","date_gmt":"2009-10-29T04:57:19","guid":{"rendered":"http:\/\/www.schoene-nachrichten.de\/?p=43385"},"modified":"2009-10-29T08:57:31","modified_gmt":"2009-10-29T07:57:31","slug":"mint-tag-in-der-marienschule-weckte-begeisterung-der-elftklaesslerinnen","status":"publish","type":"post","link":"https:\/\/www.fuldaernachrichten.de\/?p=43385","title":{"rendered":"MINT-Tag in der Marienschule weckte Begeisterung der Elftkl\u00e4sslerinnen"},"content":{"rendered":"<p><strong><a href=\"http:\/\/www.schoene-nachrichten.de\/wp-content\/uploads\/2009\/10\/091028_Schule1.jpg\"><img decoding=\"async\" class=\"alignleft size-thumbnail wp-image-43389\" title=\"091028_Schule\" src=\"http:\/\/www.schoene-nachrichten.de\/wp-content\/uploads\/2009\/10\/091028_Schule1-265x183.jpg\" alt=\"091028_Schule\" width=\"265\" height=\"183\" srcset=\"https:\/\/www.fuldaernachrichten.de\/wp-content\/uploads\/2009\/10\/091028_Schule1-265x183.jpg 265w, https:\/\/www.fuldaernachrichten.de\/wp-content\/uploads\/2009\/10\/091028_Schule1.jpg 592w\" sizes=\"(max-width: 265px) 100vw, 265px\" \/><\/a>Fulda.<\/strong> Immer weniger Sch\u00fclerinnen in naturwissenschaftlichen Leistungskursen und auf der anderen Seite gute Aussichten in technischen Berufen &#8211; Grund genug f\u00fcr die Marienschule, einen Tag regul\u00e4ren Unterrichts ausfallen zu lassen und stattdessen die Sch\u00fclerinnen der Jahrgangsstufe 11 an einem MINT-Tag f\u00fcr naturwissenschaftliche F\u00e4cher zu begeistern. Referenten der Hochschulen in Fulda, Schweinfurt und Gie\u00dfen, der Uni Gie\u00dfen, der Stadt Fulda sowie von Firmen aus der Region kamen heute in das Fuldaer Gymnasium, um in lebendigen Vortr\u00e4gen und kleinen Experimenten den Sch\u00fclerinnen Berufe vorzustellen, die bisher nicht unbedingt auf deren Wunschliste standen.<!--more--><\/p>\n<p>Die Abk\u00fcrzung MINT steht f\u00fcr Mathematik, Informatik, Naturwissenschaft und Technik. Alles Bereiche, in denen sich M\u00e4dchen traditionell weniger bewegen, was Schulleiter Dr. Oswald Post best\u00e4tigt: \u201eZurzeit belegen insgesamt 98 von 245 Oberstufensch\u00fclerinnen, also knapp 40 Prozent, einen natur-wissenschaftlichen Leistungskurs. Allerdings w\u00e4hlen die meisten Biologie.\u201c<\/p>\n<p>Geht man einige Bildungs-Jahre weiter und h\u00e4lt in technischen Bereichen der Hochschule Fulda nach M\u00e4dchen Ausschau, zeigt sich ein noch deutlicheres Bild.\u00c2\u00a0 \u201e\u00dcber alle Semester betrug der Anteil der Studentinnen in den verschiedenen Bachelor- und Master-Studieng\u00e4ngen im Sommersemester 2009 nur 11,8 Prozent\u201c, erkl\u00e4rt Professor Dr. Siegmar Gro\u00df (Fachbereich Angewandte Informatik der Hochschule Fulda). Im Wintersemester 2009\/10 haben sich ca. 270 Studierende neu in die verschie-denen Informatik-Studieng\u00e4nge eingeschrieben, davon sind 58 Studentinnen (ca. 21,5 Prozent). Immerhin gibt es Im Fachbereich auch zwei Professorinnen.<\/p>\n<p>Waldemar Dombrowski, Leiter der Arbeitsagentur Fulda, wies auf die guten Besch\u00e4ftigungs- und Kar-rierem\u00f6glichkeiten in technischen Berufen hin. Daran sollten Frauen k\u00fcnftig st\u00e4rker partizipieren. \u201eDurch das Fehlen der M\u00e4dchen geht dem Arbeitsmarkt viel Potential verloren, das wir in K\u00fcrze drin-gend brauchen werden\u201c, warnt Andrea Kircher von der Agentur f\u00fcr Arbeit Fulda, die als Beauftragte f\u00fcr Chancengleichheit am Arbeitsmarkt den Aktionstag in der Marienschule federf\u00fchrend betreut hat. Sie forderte die Sch\u00fclerinnen auf, sich von den Referenten und Referentinnen mitrei\u00dfen zu lassen, was die M\u00e4dchen auch gern beherzigten.<\/p>\n<p>Von Alexandra Dantmann (Edag) bis zu Stadtbaur\u00e4tin Cornelia Zuschke, die den Schlusspart am Nachmittag \u00fcbernahm, wurden die Expert\/innen \u00fcber ihre Fachgebiete ausgefragt, Versuchsreihen durchgef\u00fchrt. So manche Elftkl\u00e4sslerin kam zu dem Schluss: \u201eGar nicht so schlimm, das mit der Technik!\u201c\u00c2\u00a0 und pflichtete dem stellvertretenden Schulleiter Studiendirektor Bernhard K\u00f6hler bei, der in seiner Begr\u00fc\u00dfung die Gr\u00fcnderin der Marienschule, Mary Ward, zitiert hatte: \u201eEs besteht kein derartiger Unterschied zwischen M\u00e4nnern und Frauen, als ob letztere nichts Gro\u00dfes leisten k\u00f6nnten.\u201c<\/p>\n","protected":false},"excerpt":{"rendered":"<div class=\"tmnf_excerpt\"><p>Fulda. Immer weniger Sch\u00fclerinnen in naturwissenschaftlichen Leistungskursen und auf der anderen Seite gute Aussichten in technischen Berufen &#8211; Grund genug f\u00fcr die Marienschule, einen Tag regul\u00e4ren Unterrichts ausfallen zu lassen und stattdessen die Sch\u00fclerinnen der Jahrgangsstufe 11 an einem MINT-Tag f\u00fcr naturwissenschaftliche F\u00e4cher zu begeistern. Referenten der Hochschulen in Fulda, Schweinfurt und Gie\u00dfen, der Uni &hellip;<\/p>\n<\/div>","protected":false},"author":1,"featured_media":0,"comment_status":"closed","ping_status":"closed","sticky":false,"template":"","format":"standard","meta":{"footnotes":""},"categories":[1,53],"tags":[],"class_list":["post-43385","post","type-post","status-publish","format-standard","hentry","category-startseite","category-bildung"],"_links":{"self":[{"href":"https:\/\/www.fuldaernachrichten.de\/index.php?rest_route=\/wp\/v2\/posts\/43385","targetHints":{"allow":["GET"]}}],"collection":[{"href":"https:\/\/www.fuldaernachrichten.de\/index.php?rest_route=\/wp\/v2\/posts"}],"about":[{"href":"https:\/\/www.fuldaernachrichten.de\/index.php?rest_route=\/wp\/v2\/types\/post"}],"author":[{"embeddable":true,"href":"https:\/\/www.fuldaernachrichten.de\/index.php?rest_route=\/wp\/v2\/users\/1"}],"replies":[{"embeddable":true,"href":"https:\/\/www.fuldaernachrichten.de\/index.php?rest_route=%2Fwp%2Fv2%2Fcomments&post=43385"}],"version-history":[{"count":5,"href":"https:\/\/www.fuldaernachrichten.de\/index.php?rest_route=\/wp\/v2\/posts\/43385\/revisions"}],"predecessor-version":[{"id":43444,"href":"https:\/\/www.fuldaernachrichten.de\/index.php?rest_route=\/wp\/v2\/posts\/43385\/revisions\/43444"}],"wp:attachment":[{"href":"https:\/\/www.fuldaernachrichten.de\/index.php?rest_route=%2Fwp%2Fv2%2Fmedia&parent=43385"}],"wp:term":[{"taxonomy":"category","embeddable":true,"href":"https:\/\/www.fuldaernachrichten.de\/index.php?rest_route=%2Fwp%2Fv2%2Fcategories&post=43385"},{"taxonomy":"post_tag","embeddable":true,"href":"https:\/\/www.fuldaernachrichten.de\/index.php?rest_route=%2Fwp%2Fv2%2Ftags&post=43385"}],"curies":[{"name":"wp","href":"https:\/\/api.w.org\/{rel}","templated":true}]}}