{"id":43382,"date":"2009-10-29T06:25:16","date_gmt":"2009-10-29T05:25:16","guid":{"rendered":"http:\/\/www.schoene-nachrichten.de\/?p=43382"},"modified":"2009-10-29T09:04:27","modified_gmt":"2009-10-29T08:04:27","slug":"traditionelle-kirmes-in-maberzell","status":"publish","type":"post","link":"https:\/\/www.fuldaernachrichten.de\/?p=43382","title":{"rendered":"Traditionelle Kirmes in Maberzell"},"content":{"rendered":"<p><strong>Maberzell.<\/strong> Am kommenden Wochenende ist es wieder soweit, die traditionelle Kirmes in Maberzell beginnt. Vom 06.-09.11.2009 sind wieder Veranstaltungen ohne Pause geplant. Dieses Jahr ist Veranstaltungsort wie letztes Jahr Am Sportplatz.<!--more--><\/p>\n<p><strong>Zum diesj\u00e4hrigen Festprogramm:<\/strong><\/p>\n<p>Am Freitag, 06.11.09 ab 21:00 Uhr l\u00e4utet der DJ Boris Sablowski (bekannt aus S-Club) die Kirmes mit einer HIT MIX PARTY vom Feinsten ein. Es werden haupts\u00e4chlich Hits der 80er, 90er, aber auch aktuelles der Charts aufgelegt. Der Eintritt betr\u00e4gt 6,00 \u00e2\u201a\u00ac.<\/p>\n<p>Am Samstag, 07.11.09, wird wieder von den unz\u00e4hligen freiwilligen Helfern in den zwei Backh\u00e4usern von Maberzell der Ploatz gebacken. Ab 15:00 Uhr ist dann Gro\u00df und Klein herzlich zu Ploatz und Kaffee ins Festzelt eingeladen.<\/p>\n<p>Abends ab 21:00 Uhr freut sich die Kirmesgesellschaft, wiederum die einzigarten MAMBO KINGX mit S\u00e4ngerin Steffi Ebert sowie DJ Angie pr\u00e4sentieren zu d\u00fcrfen,\u00c2\u00a0 die uns schon in den letzten Jahren eine sensationelle Stimmung geboten haben. Der Eintritt betr\u00e4gt f\u00fcr diese Veranstaltung betr\u00e4gt 7,00 \u00e2\u201a\u00ac.<\/p>\n<p>Der Kirmessonntag ist der eigentliche Haupttag. Am 08.11.09 findet zun\u00e4chst um 10:00 Uhr der Festgottesdienst mit Pfarrer Schneider in der Heilig-Kreuz Kirche in Maberzell statt. Um 14:00 Uhr trifft dann die Kirmesgesellschaft unter dem Kirmesbaum ein, um in Tracht und mit Unterst\u00fctzung der Mittelr\u00f6der Musikkappelle die traditionellen Drei Reihen zu tanzen. Dazu geh\u00f6ren der Walzer, der Schottisch sowie der Wechselrheinl\u00e4nder. Zwischendurch kann man sich noch auf den Auftritt der Schulkinder freuen.<\/p>\n<p>Danach wandert man gemeinsam mit der Kapelle sowie der Prominenz und allen G\u00e4sten zum Kirmeszelt, um dort bei guter Stimmung, Kuchen und Bier die Kirchweih zu feiern. F\u00fcr den Ausklang des Abends sorgt ab 18:00 Uhr DJ Atze.<\/p>\n<p>Montagabend geht es dann langsam ab 17:00 Uhr mit dem Feierabendschoppen und Kesselfleischessen dem Ende der Kirmes 2009 entgegen. Ab 19:00 Uhr spielt der Alleinunterhalter Michael Wehner, der uns schon seit den letzten Jahren unterst\u00fctzt, zum Tanz auf. Weitere Informationen gibt es auf der Homepage der Kirmes unter www.kirmes-maberzell.de.<\/p>\n","protected":false},"excerpt":{"rendered":"<div class=\"tmnf_excerpt\"><p>Maberzell. Am kommenden Wochenende ist es wieder soweit, die traditionelle Kirmes in Maberzell beginnt. Vom 06.-09.11.2009 sind wieder Veranstaltungen ohne Pause geplant. Dieses Jahr ist Veranstaltungsort wie letztes Jahr Am Sportplatz.<\/p>\n<\/div>","protected":false},"author":1,"featured_media":0,"comment_status":"closed","ping_status":"closed","sticky":false,"template":"","format":"standard","meta":{"footnotes":""},"categories":[1,44],"tags":[],"class_list":["post-43382","post","type-post","status-publish","format-standard","hentry","category-startseite","category-kultur"],"_links":{"self":[{"href":"https:\/\/www.fuldaernachrichten.de\/index.php?rest_route=\/wp\/v2\/posts\/43382","targetHints":{"allow":["GET"]}}],"collection":[{"href":"https:\/\/www.fuldaernachrichten.de\/index.php?rest_route=\/wp\/v2\/posts"}],"about":[{"href":"https:\/\/www.fuldaernachrichten.de\/index.php?rest_route=\/wp\/v2\/types\/post"}],"author":[{"embeddable":true,"href":"https:\/\/www.fuldaernachrichten.de\/index.php?rest_route=\/wp\/v2\/users\/1"}],"replies":[{"embeddable":true,"href":"https:\/\/www.fuldaernachrichten.de\/index.php?rest_route=%2Fwp%2Fv2%2Fcomments&post=43382"}],"version-history":[{"count":3,"href":"https:\/\/www.fuldaernachrichten.de\/index.php?rest_route=\/wp\/v2\/posts\/43382\/revisions"}],"predecessor-version":[{"id":43448,"href":"https:\/\/www.fuldaernachrichten.de\/index.php?rest_route=\/wp\/v2\/posts\/43382\/revisions\/43448"}],"wp:attachment":[{"href":"https:\/\/www.fuldaernachrichten.de\/index.php?rest_route=%2Fwp%2Fv2%2Fmedia&parent=43382"}],"wp:term":[{"taxonomy":"category","embeddable":true,"href":"https:\/\/www.fuldaernachrichten.de\/index.php?rest_route=%2Fwp%2Fv2%2Fcategories&post=43382"},{"taxonomy":"post_tag","embeddable":true,"href":"https:\/\/www.fuldaernachrichten.de\/index.php?rest_route=%2Fwp%2Fv2%2Ftags&post=43382"}],"curies":[{"name":"wp","href":"https:\/\/api.w.org\/{rel}","templated":true}]}}