{"id":43305,"date":"2009-10-28T05:55:56","date_gmt":"2009-10-28T04:55:56","guid":{"rendered":"http:\/\/www.schoene-nachrichten.de\/?p=43305"},"modified":"2009-10-28T07:46:34","modified_gmt":"2009-10-28T06:46:34","slug":"das-buch-zum-bauzaun-die-stadt-im-wandel-der-zeit","status":"publish","type":"post","link":"https:\/\/www.fuldaernachrichten.de\/?p=43305","title":{"rendered":"DAS BUCH ZUM BAUZAUN Die Stadt im Wandel der Zeit"},"content":{"rendered":"<p><strong><a href=\"http:\/\/www.schoene-nachrichten.de\/wp-content\/uploads\/2009\/10\/091027_Bauzaun.jpg\"><img fetchpriority=\"high\" decoding=\"async\" class=\"alignleft size-thumbnail wp-image-43306\" title=\"091027_Bauzaun\" src=\"http:\/\/www.schoene-nachrichten.de\/wp-content\/uploads\/2009\/10\/091027_Bauzaun-265x193.jpg\" alt=\"091027_Bauzaun\" width=\"265\" height=\"193\" srcset=\"https:\/\/www.fuldaernachrichten.de\/wp-content\/uploads\/2009\/10\/091027_Bauzaun-265x193.jpg 265w, https:\/\/www.fuldaernachrichten.de\/wp-content\/uploads\/2009\/10\/091027_Bauzaun.jpg 592w\" sizes=\"(max-width: 265px) 100vw, 265px\" \/><\/a>Fulda. <\/strong>Endlich ist es soweit: Am Freitag, 30.10.2009, um 11 Uhr wird am Universit\u00e4tsplatz in Fulda das lang ersehnte \u201eBuch zum Bauzaun\u201c pr\u00e4sentiert, das das R\u00e4tsel, um die historischen Aufnahmen am Bauzaun rund um die Gro\u00dfbaustelle l\u00f6st. S\u00e4mtliche dort gezeigten Fuldaansichten sind in dem Buch abgedruckt und \u2013 im Gegensatz zu den Bildern in der Ausstellung \u2013 mit ausf\u00fchrlichen Lagebezeichnungen versehen. Dar\u00fcber hinaus finden sich zahlreiche noch unver\u00f6ffentlichte Bilder in dem Band.<!--more--><\/p>\n<p>Insgesamt versammelt das \u201eBuch zum Bauzaun\u201c 315 Fotos von mehreren Fuldaer Fotografen, darunter der \u201eRh\u00f6nfotograf\u201c Bernhard Lembcke und Stefanie Angelstein. Das Beeindruckende daran ist, dass die Bilder nicht nur ungew\u00f6hnliche und l\u00e4ngst vergessene Ansichten der Stadt zeigen, sondern dass es sich um Farbaufnahmen handelt, die aus den 50er \u2013 80er Jahren stammen, einige sind sogar noch \u00e4lter.<\/p>\n<p>Wenn man sich vor Augen f\u00fchrt, dass es anno 1959 stolze 17,50 DM kostete einen Farbfilm zu entwickeln \u2013 bei einem durchschnittlichen Monatsverdienst von 500 DM \u2013 dann wundert es nicht, dass nur sehr wenige Menschen \u00fcber die M\u00f6glichkeiten verf\u00fcgten, sich dieser relativ neuen Technik zu bedienen und in Farbe festzuhalten, was ihnen wichtig war. Entsprechend wenige Farbbilder sind in dieser Zeit entstanden. Von diesen wenigen wiederum hat sich nur ein Bruchteil erhalten und noch weniger Menschen haben \u00fcberhaupt schon einmal so fr\u00fche Farbaufnahmen gesehen. Wenn man das wei\u00df, ist es ein umso gr\u00f6\u00dferes Wunder, dass diese Rarit\u00e4ten die Zeit \u00fcberdauert haben und in H\u00e4nde gefallen sind, die ihren Wert zu sch\u00e4tzen wissen.<\/p>\n<p>Christoph Krassa, der Inneneinrichter, Designer und Sammler aus Ebersburg, ist die Person, die hinter dem Buch steht. Gemeinsam mit seiner Mutter, der H\u00fcnfelder Dichterin Grete Krassa-Dienstb\u00fchl trug er diese einzigartige Sammlung zusammen und macht sie nun in Buchform der \u00d6ffentlichkeit zug\u00e4nglich.<\/p>\n<p>Das ist nicht das erste Projekt dieser Art, das der K\u00fcnstler realisiert und wie schon beim ersten Mal war eine Baustelle der Anlass f\u00fcr aktiv zu werden: Zur Jahrtausendwende wurde der Buttermarkt umgebaut und die Bausstelle mit einem hohen, rot gestrichenen Bauzaun umgeben. Auf diesen Untergrund brachte Krassa historische Schwarz-Wei\u00df Fotos an, die Stadtansichten von Fulda zeigten, so wie die Stadt in den Jahren zwischen 1900 und ca. 1940 aussah.<\/p>\n<p><a href=\"http:\/\/www.schoene-nachrichten.de\/wp-content\/uploads\/2009\/10\/091027_Uniplatz.jpg\"><img decoding=\"async\" class=\"alignnone size-thumbnail wp-image-43307\" title=\"091027_Uniplatz\" src=\"http:\/\/www.schoene-nachrichten.de\/wp-content\/uploads\/2009\/10\/091027_Uniplatz-265x397.jpg\" alt=\"091027_Uniplatz\" width=\"265\" height=\"397\" srcset=\"https:\/\/www.fuldaernachrichten.de\/wp-content\/uploads\/2009\/10\/091027_Uniplatz-265x397.jpg 265w, https:\/\/www.fuldaernachrichten.de\/wp-content\/uploads\/2009\/10\/091027_Uniplatz.jpg 399w\" sizes=\"(max-width: 265px) 100vw, 265px\" \/><\/a> <a href=\"http:\/\/www.schoene-nachrichten.de\/wp-content\/uploads\/2009\/10\/091027_Mittelstr.jpg\"><img decoding=\"async\" class=\"alignnone size-thumbnail wp-image-43308\" title=\"091027_Mittelstr\" src=\"http:\/\/www.schoene-nachrichten.de\/wp-content\/uploads\/2009\/10\/091027_Mittelstr-265x397.jpg\" alt=\"091027_Mittelstr\" width=\"265\" height=\"397\" srcset=\"https:\/\/www.fuldaernachrichten.de\/wp-content\/uploads\/2009\/10\/091027_Mittelstr-265x397.jpg 265w, https:\/\/www.fuldaernachrichten.de\/wp-content\/uploads\/2009\/10\/091027_Mittelstr.jpg 399w\" sizes=\"(max-width: 265px) 100vw, 265px\" \/><\/a><\/p>\n<p>Die Aufnahmen wurden nicht untertitelt, so dass es f\u00fcr viele Passanten zum R\u00e4tselspa\u00df wurde herauszubekommen, wo welche Aufnahme entstanden sein k\u00f6nnte und welches Geb\u00e4ude heute noch steht. In Trauben standen sie vor den Bildern. Das Interesse war so gro\u00df, dass im Nachhinein \u201eDas Buch zum Bauzaun\u201c Band I gedruckt wurde, das bis heute im Buchhandel nachgefragt wird.<\/p>\n<p>Ein \u00e4hnliches Konzept verwirklichte Christoph Krassa nun auch bei seinem neuen Projekt: dem Bauzaun am Universit\u00e4tsplatz. Auch hier hat er gro\u00dfe Abz\u00fcge historischer Stadtansichten auf Spezialpapier herstellen lassen und ohne Untertitel auf die Sichtschutzplatten rund um die Baustelle angebracht. Eine Idee, die im Rahmen des Gro\u00dfprojekts \u201eFulda baut um \u2013 die Stadt als Museumsinsel\u201c gemeinsam mit der Stadt Fulda, den Gesch\u00e4ftsleuten am Platz und mit Unterst\u00fctzung der Eventmanagerin Marianne Blum verwirklicht wurde.<\/p>\n<p>Eine Idee, die ebenso wie im Jahr 2000 wieder voll einschlug. Der Zulauf ist 2009 sogar noch gr\u00f6\u00dfer. Egal welches Wetter herrscht, immer sieht man kleinere und gr\u00f6\u00dfere Gruppen von Menschen jeden Alters am Bauzaun vor den Bildern stehen und sie aufmerksam betrachten. Rege wird diskutiert, gefragt und erz\u00e4hlt. Wildfremde kommen pl\u00f6tzlich ins Gespr\u00e4ch. Zeitzeugen werden zu begehrten Informanten.<\/p>\n<p>Dass die Bauzaun-Ausstellung 2009 noch besser besucht ist als ihre Vorg\u00e4nger-Schau am Buttermarkt im Jahr 2000, ist einerseits der prominenteren Lage des Universit\u00e4tsplatzes zu verdanken, es hat aber auch damit zu tun, dass die Motive einen so gro\u00dfen Bezug zu dem Platz aufweisen, an dem sie h\u00e4ngen. So sieht man zahlreiche Bilder, die den Universit\u00e4tsplatz in seiner urspr\u00fcnglichen Anlage und direkt vor, w\u00e4hrend und nach dem Bau der Karstadt Filiale in den 50er\/60er Jahren aufweisen.<\/p>\n<p>Die gr\u00f6\u00dfte Attraktion \u2013 abgesehen von den Motiven \u2013 ist jedoch die Tatsache, dass es sich bei den historischen Fotos am Zaun um Farbaufnahmen handelt. W\u00e4hrend Schwarz-Wei\u00df Bilder immer historisch wirken, entsprechen Farbbilder unserer t\u00e4glichen Wahrnehmung. Sie sind uns vertrauter und dadurch n\u00e4her. Umso \u00fcberraschender ist die Erfahrung, eine Stadtansicht von Fulda aus den so fernen 60er oder 50er Jahren zu sehen, die das Motiv in Farbe zeigt.<\/p>\n<p>Jetzt k\u00f6nnen Sie sich diese Bilder auch nach Hause holen. F\u00fcr 24,90 Euro ist das \u201eBuch zum Bauzaun\u201c Band II, \u00fcberall im Buchhandel, bei allen Kooperationspartnern der Aktion \u201eFulda baut um \u2013 eine Stadt als Museumsinsel\u201c und direkt bei Christoph Krassa 0175-6364304 erh\u00e4ltlich.<\/p>\n<p>Text: Marianne Blum<\/p>\n","protected":false},"excerpt":{"rendered":"<div class=\"tmnf_excerpt\"><p>Fulda. Endlich ist es soweit: Am Freitag, 30.10.2009, um 11 Uhr wird am Universit\u00e4tsplatz in Fulda das lang ersehnte \u201eBuch zum Bauzaun\u201c pr\u00e4sentiert, das das R\u00e4tsel, um die historischen Aufnahmen am Bauzaun rund um die Gro\u00dfbaustelle l\u00f6st. S\u00e4mtliche dort gezeigten Fuldaansichten sind in dem Buch abgedruckt und \u2013 im Gegensatz zu den Bildern in der &hellip;<\/p>\n<\/div>","protected":false},"author":1,"featured_media":0,"comment_status":"closed","ping_status":"closed","sticky":false,"template":"","format":"standard","meta":{"footnotes":""},"categories":[1,44],"tags":[],"class_list":["post-43305","post","type-post","status-publish","format-standard","hentry","category-startseite","category-kultur"],"_links":{"self":[{"href":"https:\/\/www.fuldaernachrichten.de\/index.php?rest_route=\/wp\/v2\/posts\/43305","targetHints":{"allow":["GET"]}}],"collection":[{"href":"https:\/\/www.fuldaernachrichten.de\/index.php?rest_route=\/wp\/v2\/posts"}],"about":[{"href":"https:\/\/www.fuldaernachrichten.de\/index.php?rest_route=\/wp\/v2\/types\/post"}],"author":[{"embeddable":true,"href":"https:\/\/www.fuldaernachrichten.de\/index.php?rest_route=\/wp\/v2\/users\/1"}],"replies":[{"embeddable":true,"href":"https:\/\/www.fuldaernachrichten.de\/index.php?rest_route=%2Fwp%2Fv2%2Fcomments&post=43305"}],"version-history":[{"count":3,"href":"https:\/\/www.fuldaernachrichten.de\/index.php?rest_route=\/wp\/v2\/posts\/43305\/revisions"}],"predecessor-version":[{"id":43326,"href":"https:\/\/www.fuldaernachrichten.de\/index.php?rest_route=\/wp\/v2\/posts\/43305\/revisions\/43326"}],"wp:attachment":[{"href":"https:\/\/www.fuldaernachrichten.de\/index.php?rest_route=%2Fwp%2Fv2%2Fmedia&parent=43305"}],"wp:term":[{"taxonomy":"category","embeddable":true,"href":"https:\/\/www.fuldaernachrichten.de\/index.php?rest_route=%2Fwp%2Fv2%2Fcategories&post=43305"},{"taxonomy":"post_tag","embeddable":true,"href":"https:\/\/www.fuldaernachrichten.de\/index.php?rest_route=%2Fwp%2Fv2%2Ftags&post=43305"}],"curies":[{"name":"wp","href":"https:\/\/api.w.org\/{rel}","templated":true}]}}